{"id":1465,"date":"2011-12-25T10:44:39","date_gmt":"2011-12-25T16:44:39","guid":{"rendered":"http:\/\/www.plurinominal.com.mx\/?p=1465"},"modified":"2012-01-24T10:45:17","modified_gmt":"2012-01-24T16:45:17","slug":"se-accidento-motociclista-sobre-el-camino-a-mezquites","status":"publish","type":"post","link":"https:\/\/www.plurinominal.com.mx\/?p=1465","title":{"rendered":"Se accident\u00f3 motociclista sobre el camino a Mezquites"},"content":{"rendered":"<p>Del equipo de redacci\u00f3n<br \/>\nAccidente ocurri\u00f3 sobre el camino que conduce a Mezquites, delante de una vistosa construcci\u00f3n.<br \/>\nViernes 23 de diciembre, 03:24 AM. Sale la patrulla 07 para apoyar a quien dijo tener por nombre Andr\u00e9s S\u00e1nchez Banda, originario de \u201cEl Tepoz\u00e1n\u201d.<br \/>\nCasi a las 04:00 AM fue llevado a recibir atenci\u00f3n m\u00e9dica urgente debido a las lesiones que presentaba en algunas partes visibles del cuerpo, la mayor, a un costado de un ojo por la que sangraba.<br \/>\nPosteriormente, los uniformados recogieron del lugar una motocicleta marca Italika, la cual qued\u00f3 resguardada en las oficinas de la Direcci\u00f3n de Seguridad. En este veh\u00edculo de 2 ruedas, se notaba un fuerte impacto sobre la parte frontal.<br \/>\nPolic\u00edas hicieron lo posible para dar con los familiares del lesionado en la comunidad en la que tiene su domicilio.<br \/>\nAndr\u00e9s S\u00e1nchez Banda, llevaba consigo una sudadera caf\u00e9, dos celulares de distinta marca, un reloj y una gorra que fueron resguardadas en la comandancia, pero ning\u00fan documento que mencionara su domicilio exacto ni el de familiares para avisarles sobre lo sucedido.<br \/>\nGracias a una persona que conoce a gente de Tepoz\u00e1n se logr\u00f3 dar con los parientes del lesionado.<br \/>\nEste viernes 23, un hermano del accidentado se present\u00f3 a pedir los art\u00edculos de su familiar. Dijo llamarse Marco Antonio S\u00e1nchez Banda.<\/p>\n","protected":false},"excerpt":{"rendered":"<p>Del equipo de redacci\u00f3n Accidente ocurri\u00f3 sobre el camino que conduce a Mezquites, delante de una vistosa construcci\u00f3n. Viernes 23 de diciembre, 03:24 AM. Sale la patrulla 07 para apoyar&#8230;<\/p>\n","protected":false},"author":1,"featured_media":0,"comment_status":"closed","ping_status":"open","sticky":false,"template":"","format":"standard","meta":{"footnotes":""},"categories":[3],"tags":[],"class_list":["post-1465","post","type-post","status-publish","format-standard","hentry","category-cerritos","entry","simple"],"_links":{"self":[{"href":"https:\/\/www.plurinominal.com.mx\/index.php?rest_route=\/wp\/v2\/posts\/1465","targetHints":{"allow":["GET"]}}],"collection":[{"href":"https:\/\/www.plurinominal.com.mx\/index.php?rest_route=\/wp\/v2\/posts"}],"about":[{"href":"https:\/\/www.plurinominal.com.mx\/index.php?rest_route=\/wp\/v2\/types\/post"}],"author":[{"embeddable":true,"href":"https:\/\/www.plurinominal.com.mx\/index.php?rest_route=\/wp\/v2\/users\/1"}],"replies":[{"embeddable":true,"href":"https:\/\/www.plurinominal.com.mx\/index.php?rest_route=%2Fwp%2Fv2%2Fcomments&post=1465"}],"version-history":[{"count":0,"href":"https:\/\/www.plurinominal.com.mx\/index.php?rest_route=\/wp\/v2\/posts\/1465\/revisions"}],"wp:attachment":[{"href":"https:\/\/www.plurinominal.com.mx\/index.php?rest_route=%2Fwp%2Fv2%2Fmedia&parent=1465"}],"wp:term":[{"taxonomy":"category","embeddable":true,"href":"https:\/\/www.plurinominal.com.mx\/index.php?rest_route=%2Fwp%2Fv2%2Fcategories&post=1465"},{"taxonomy":"post_tag","embeddable":true,"href":"https:\/\/www.plurinominal.com.mx\/index.php?rest_route=%2Fwp%2Fv2%2Ftags&post=1465"}],"curies":[{"name":"wp","href":"https:\/\/api.w.org\/{rel}","templated":true}]}}