{"id":1473,"date":"2011-12-23T11:02:08","date_gmt":"2011-12-23T17:02:08","guid":{"rendered":"http:\/\/www.plurinominal.com.mx\/?p=1473"},"modified":"2012-01-24T11:02:41","modified_gmt":"2012-01-24T17:02:41","slug":"responsable-de-choque-huyo-del-lugar","status":"publish","type":"post","link":"https:\/\/www.plurinominal.com.mx\/?p=1473","title":{"rendered":"Responsable de choque huy\u00f3 del lugar"},"content":{"rendered":"<p>El asunto podr\u00eda terminar en denuncia<\/p>\n<p>Del equipo de redacci\u00f3n<br \/>\nQued\u00f3 registrado en los reportes oficiales de la comandancia de Villa Ju\u00e1rez, un accidente que ocurri\u00f3 el jueves 22 de diciembre en la comunidad de Puerta del R\u00edo, y que es posible que termine con una denuncia porque el responsable huy\u00f3 del lugar.<br \/>\nEsta plenamente identificada la persona que ocasion\u00f3 este percance, que sucedi\u00f3 entre las 22:30 y 23:00 horas, en la calle Morelos de Puerta del R\u00edo, ah\u00ed fue donde qued\u00f3 con da\u00f1os una camioneta de color blanco, marca Ford, que es propiedad de Vicente Corona Jaso, que tiene su casa en la misma arteria.<br \/>\nPlurinominal logr\u00f3 conseguir informaci\u00f3n por testigos, que mencionan que durante la noche del 22 de diciembre se escuch\u00f3 un fuerte golpe provocado por el choque, pero cuando sali\u00f3 el due\u00f1o no alcanz\u00f3 a detener a la persona responsable, a la que conoci\u00f3 por el nombre de Ricardo Cardona, que es originario de San Isidro, ejido que pertenece tambi\u00e9n a la Villa.<br \/>\nPolic\u00edas del estado fueron cuestionados sobre este accidente, pero desconocen sobre los acuerdos.<br \/>\nEllos no tomaron parte en este percance, que se supone solamente fue atendido por la polic\u00eda del municipio. Se habla de que el afectado pudo localizar al responsable del choque, al que le pidi\u00f3 solamente el pago de los respectivos da\u00f1os.<br \/>\nDe no cumplir, el acusado estar\u00eda en riesgo de ser denunciado.<\/p>\n","protected":false},"excerpt":{"rendered":"<p>El asunto podr\u00eda terminar en denuncia Del equipo de redacci\u00f3n Qued\u00f3 registrado en los reportes oficiales de la comandancia de Villa Ju\u00e1rez, un accidente que ocurri\u00f3 el jueves 22 de&#8230;<\/p>\n","protected":false},"author":1,"featured_media":0,"comment_status":"closed","ping_status":"open","sticky":false,"template":"","format":"standard","meta":{"footnotes":""},"categories":[4],"tags":[],"class_list":["post-1473","post","type-post","status-publish","format-standard","hentry","category-villa-juarez","entry","simple"],"_links":{"self":[{"href":"https:\/\/www.plurinominal.com.mx\/index.php?rest_route=\/wp\/v2\/posts\/1473","targetHints":{"allow":["GET"]}}],"collection":[{"href":"https:\/\/www.plurinominal.com.mx\/index.php?rest_route=\/wp\/v2\/posts"}],"about":[{"href":"https:\/\/www.plurinominal.com.mx\/index.php?rest_route=\/wp\/v2\/types\/post"}],"author":[{"embeddable":true,"href":"https:\/\/www.plurinominal.com.mx\/index.php?rest_route=\/wp\/v2\/users\/1"}],"replies":[{"embeddable":true,"href":"https:\/\/www.plurinominal.com.mx\/index.php?rest_route=%2Fwp%2Fv2%2Fcomments&post=1473"}],"version-history":[{"count":0,"href":"https:\/\/www.plurinominal.com.mx\/index.php?rest_route=\/wp\/v2\/posts\/1473\/revisions"}],"wp:attachment":[{"href":"https:\/\/www.plurinominal.com.mx\/index.php?rest_route=%2Fwp%2Fv2%2Fmedia&parent=1473"}],"wp:term":[{"taxonomy":"category","embeddable":true,"href":"https:\/\/www.plurinominal.com.mx\/index.php?rest_route=%2Fwp%2Fv2%2Fcategories&post=1473"},{"taxonomy":"post_tag","embeddable":true,"href":"https:\/\/www.plurinominal.com.mx\/index.php?rest_route=%2Fwp%2Fv2%2Ftags&post=1473"}],"curies":[{"name":"wp","href":"https:\/\/api.w.org\/{rel}","templated":true}]}}