{"id":1477,"date":"2011-12-27T11:03:36","date_gmt":"2011-12-27T17:03:36","guid":{"rendered":"http:\/\/www.plurinominal.com.mx\/?p=1477"},"modified":"2012-01-24T11:04:19","modified_gmt":"2012-01-24T17:04:19","slug":"ayuntamiento-reinstalo-a-trabajador-municipal","status":"publish","type":"post","link":"https:\/\/www.plurinominal.com.mx\/?p=1477","title":{"rendered":"Ayuntamiento reinstal\u00f3 a trabajador municipal"},"content":{"rendered":"<p>Tambi\u00e9n dio cumplimiento a lo acordado con otros ex trabajadores <\/p>\n<p>Ma. del Carmen V.<br \/>\nCon el af\u00e1n de \u201cdesactivar\u201d las denuncias por despido injustificado, el ayuntamiento reinstal\u00f3 a un trabajador municipal que fue desocupado en el mes de septiembre.<br \/>\nEn ese entonces, se  determin\u00f3 rescindir el contrato de trabajo de varios trabajadores municipales, entre ellos Roberto Mart\u00ednez, que es originario del Tepoz\u00e1n y entr\u00f3 a laborar en la Administraci\u00f3n de Salvador Mart\u00ednez Sifuentes. En un principio se desempe\u00f1\u00f3 como chofer en el servicio de limpia, pero a la llegada de la actual Administraci\u00f3n fue cambiado al parque infantil \u00abLa Mezquitada\u00bb.<br \/>\nEl empleado consider\u00f3 que fue despedido injustificadamente, ya que estaba cumpliendo con su trabajo.<br \/>\nJunto con otros 14 ex empleados municipales interpuso una denuncia laboral en contra del Ayuntamiento, la cual iba prosperando. Finalmente prefiri\u00f3 llegar a un acuerdo y se acept\u00f3 su reinstalaci\u00f3n.<br \/>\nAun falta, que Roberto Mart\u00ednez firme un documento donde se retracte ante Conciliaci\u00f3n y Arbitraje de su denuncia en contra del Ayuntamiento. Habr\u00e1 de ser elaborado por el Asesor Jur\u00eddico del municipio.<br \/>\nEl trabajador reinstalado fue enviado como boletero a los ba\u00f1os del mercado municipal, pero est\u00e1 solicitando que se le env\u00ede nuevamente al parque.<br \/>\nHasta la fecha el Ayuntamiento no le ha cubierto ninguna cantidad econ\u00f3mica. Ser\u00e1 hasta que el Asesor Jur\u00eddico determine la cantidad que se le habr\u00e1 de liquidar como aguinaldo. \u00c9ste solamente se le dar\u00e1 por los primeros ocho meses que trabaj\u00f3, del presente a\u00f1o.<br \/>\nSobre los d\u00edas ca\u00eddos no se mencion\u00f3 nada al respecto.<br \/>\nOtros ex trabajadores, \u2014que al momento de su despido prefirieron no denunciar ante Conciliaci\u00f3n y Arbitraje\u2014llegaron al acuerdo de que su liquidaci\u00f3n se les pagar\u00eda en tres etapas y el pasado martes, 20 de diciembre, se les cubri\u00f3 la primera parte.<br \/>\nLos beneficiados fueron Pedro Uresti, Juan Carlos Uresti Orozco y Manuel Moreno Gallegos, que laboraron en el rastro municipal, y Juan Carlos Rodr\u00edguez Carbajal, que elabor\u00f3 en el parque \u00abLa Mezquitada\u00bb.<br \/>\nPor su parte, 14 ex trabajadores contin\u00faan con el juicio por despido injustificado en contra del Ayuntamiento. Aunque han tratado de llegar a un arreglo, se asegura que en el municipio se han negado a conciliar.<br \/>\nTambi\u00e9n trascendi\u00f3 que existen otros trabajadores a punto de ser desocupados, pero su despido no se ha ejecutado debido a la falta de recursos econ\u00f3micos para pagarles la liquidaci\u00f3n.<\/p>\n","protected":false},"excerpt":{"rendered":"<p>Tambi\u00e9n dio cumplimiento a lo acordado con otros ex trabajadores Ma. del Carmen V. Con el af\u00e1n de \u201cdesactivar\u201d las denuncias por despido injustificado, el ayuntamiento reinstal\u00f3 a un trabajador&#8230;<\/p>\n","protected":false},"author":1,"featured_media":0,"comment_status":"closed","ping_status":"open","sticky":false,"template":"","format":"standard","meta":{"footnotes":""},"categories":[3],"tags":[],"class_list":["post-1477","post","type-post","status-publish","format-standard","hentry","category-cerritos","entry","simple"],"_links":{"self":[{"href":"https:\/\/www.plurinominal.com.mx\/index.php?rest_route=\/wp\/v2\/posts\/1477","targetHints":{"allow":["GET"]}}],"collection":[{"href":"https:\/\/www.plurinominal.com.mx\/index.php?rest_route=\/wp\/v2\/posts"}],"about":[{"href":"https:\/\/www.plurinominal.com.mx\/index.php?rest_route=\/wp\/v2\/types\/post"}],"author":[{"embeddable":true,"href":"https:\/\/www.plurinominal.com.mx\/index.php?rest_route=\/wp\/v2\/users\/1"}],"replies":[{"embeddable":true,"href":"https:\/\/www.plurinominal.com.mx\/index.php?rest_route=%2Fwp%2Fv2%2Fcomments&post=1477"}],"version-history":[{"count":0,"href":"https:\/\/www.plurinominal.com.mx\/index.php?rest_route=\/wp\/v2\/posts\/1477\/revisions"}],"wp:attachment":[{"href":"https:\/\/www.plurinominal.com.mx\/index.php?rest_route=%2Fwp%2Fv2%2Fmedia&parent=1477"}],"wp:term":[{"taxonomy":"category","embeddable":true,"href":"https:\/\/www.plurinominal.com.mx\/index.php?rest_route=%2Fwp%2Fv2%2Fcategories&post=1477"},{"taxonomy":"post_tag","embeddable":true,"href":"https:\/\/www.plurinominal.com.mx\/index.php?rest_route=%2Fwp%2Fv2%2Ftags&post=1477"}],"curies":[{"name":"wp","href":"https:\/\/api.w.org\/{rel}","templated":true}]}}