{"id":14782,"date":"2021-11-04T20:03:11","date_gmt":"2021-11-05T02:03:11","guid":{"rendered":"https:\/\/www.plurinominal.com.mx\/?p=14782"},"modified":"2021-12-16T20:04:05","modified_gmt":"2021-12-17T02:04:05","slug":"principales-ofensas-contra-difuntos","status":"publish","type":"post","link":"https:\/\/www.plurinominal.com.mx\/?p=14782","title":{"rendered":"Principales ofensas contra difuntos:"},"content":{"rendered":"<p class=\"western\" style=\"text-align: justify;\"><em><span lang=\"es-MX\">R<\/span>ealizar necesidades <span lang=\"es-MX\">encima de tumba, que <\/span>se sienten sobre ella y robo de flores, ata\u00fades y coronas<\/em><\/p>\n<p class=\"western\" style=\"text-align: justify;\"><strong><span style=\"font-size: 10pt; font-family: 'trebuchet ms', geneva, sans-serif;\">REDACCI\u00d3N.-\u00a0<\/span><\/strong>Asistentes al pante\u00f3n municipal todav\u00eda comentan el incidente que propiciaron dos familias el 2 de noviembre, d\u00eda de muertos 2021.<\/p>\n<p class=\"western\" style=\"text-align: justify;\">Se cree que <span lang=\"es-MX\">las diferencias no son recientes, pues durante la gresca se gritaban cosas \u201ccomo si se conocieran\u201d.<\/span><\/p>\n<p class=\"western\" style=\"text-align: justify;\">El incidente fue difundido en internet y apreciado por m\u00e1s de 25 mil personas gracias a un video.<\/p>\n<p class=\"western\" style=\"text-align: justify;\"><span lang=\"es-MX\">S<\/span>e puede ver c\u00f3mo una mujer reclama a otras y a un <span lang=\"es-MX\">se\u00f1or,<\/span> porque supuestamente alguien est\u00e1 orinando sobre la tumba de <span lang=\"es-MX\">un fallecido, al parecer jefe de familia de las \u201cofendidas\u201d.<\/span><\/p>\n<p class=\"western\" style=\"text-align: justify;\">Las mujeres se gritan, mientras una de ellas trata que el incidente no pase a mayores y llama a sus acompa\u00f1antes a retirarse, pero <span lang=\"es-MX\">una reclamante <\/span><span lang=\"es-MX\">manifiesta<\/span><span lang=\"es-MX\">, <\/span>\u00abnada m\u00e1s acu\u00e9rdate de tu mam\u00e1\u00bb.<\/p>\n<p class=\"western\" style=\"text-align: justify;\"><span lang=\"es-MX\">Asimismo se<\/span> oye decir, \u00abtambi\u00e9n tu puto padre\u00bb. Al parecer esta sentencia va dirigida al hombre que acompa\u00f1aba a las mujeres y ni\u00f1os. En eso el <span lang=\"es-MX\">se\u00f1or<\/span> se <span lang=\"es-MX\">voltea para<\/span> reclamar y se desbordan los \u00e1nimos. <span lang=\"es-MX\">Entonces una <\/span>joven se <span lang=\"es-MX\">lanza<\/span> corriendo contra <span lang=\"es-MX\">la principal reclamante. Aunque los suyos quisieron impedirlo, no pudieron. As\u00ed comienza el forcejeo. Durante el alboroto hay ofensas, jalones y golpes entre una parte y la otra, pero quien graba no deja de hacerlo al menos durante la acci\u00f3n.<\/span><\/p>\n<p class=\"western\" style=\"text-align: justify;\"><span lang=\"es-MX\">La gente dijo <\/span>que el pleito se suscit\u00f3 cuando llegaron los familiares del <span lang=\"es-MX\">difunto a donde estaban las<\/span> mujeres azuzando a una ni\u00f1a para que orinara, \u00abhaz pip\u00ed le dec\u00edan\u00bb.<\/p>\n<p class=\"western\" style=\"text-align: justify;\">Eso no gust\u00f3 a familiares del <span lang=\"es-MX\">fallecido, as\u00ed<\/span> se inici\u00f3 el pleito <span lang=\"es-MX\">que envolvi\u00f3 a parientes de<\/span> \u00abdon Miguel el panadero\u00bb.<\/p>\n<p class=\"western\" style=\"text-align: justify;\">El hombre <span lang=\"es-MX\">tambi\u00e9n quiso<\/span> alejar a su familia para que se terminara el problema, <span lang=\"es-MX\">pero<\/span> todo <span lang=\"es-MX\">acab\u00f3<\/span> entre golpes y ofensas.<\/p>\n<p class=\"western\" style=\"text-align: justify;\">Se comprende como una ofensa hacia los difuntos que alguien haga sus necesidades <span lang=\"es-MX\">encima de una tumba, alrededor, que se sienten o acuesten, que se roben las flores, coronas o ata\u00fades. <\/span>Generalmente tales actitudes propician reclamos o desavenencias, aunque descubrir a quien hace necesidades encima o al \u201cladito\u201d no es algo com\u00fan.<\/p>\n<p class=\"western\" style=\"text-align: justify;\">\u201cLupina y Nidia\u201d son nombres que destacan en redes. Asimismo se habla de una ni\u00f1a de dos a\u00f1os de edad.<\/p>\n<p class=\"western\" style=\"text-align: justify;\">En el pante\u00f3n municipal solo hay unos ba\u00f1os p\u00fablicos. Se ubican en al \u00e1rea del estacionamiento. Hay personas, como ni\u00f1os o adultos mayores que enfrentan las consecuencias que la distancia genera.<\/p>\n<p class=\"western\" style=\"text-align: justify;\">Con relaci\u00f3n al caso hay quienes muestran distintas posturas.<\/p>\n","protected":false},"excerpt":{"rendered":"<p>\u00a0Asistentes al pante\u00f3n municipal todav\u00eda comentan el incidente que propiciaron dos familias el 2 de noviembre, d\u00eda de muertos 2021.<\/p>\n","protected":false},"author":5,"featured_media":14774,"comment_status":"closed","ping_status":"open","sticky":false,"template":"","format":"standard","meta":{"footnotes":""},"categories":[3,483,486,485],"tags":[],"class_list":["post-14782","post","type-post","status-publish","format-standard","has-post-thumbnail","hentry","category-cerritos","category-cultura","category-educacion","category-sociales","entry","simple"],"_links":{"self":[{"href":"https:\/\/www.plurinominal.com.mx\/index.php?rest_route=\/wp\/v2\/posts\/14782","targetHints":{"allow":["GET"]}}],"collection":[{"href":"https:\/\/www.plurinominal.com.mx\/index.php?rest_route=\/wp\/v2\/posts"}],"about":[{"href":"https:\/\/www.plurinominal.com.mx\/index.php?rest_route=\/wp\/v2\/types\/post"}],"author":[{"embeddable":true,"href":"https:\/\/www.plurinominal.com.mx\/index.php?rest_route=\/wp\/v2\/users\/5"}],"replies":[{"embeddable":true,"href":"https:\/\/www.plurinominal.com.mx\/index.php?rest_route=%2Fwp%2Fv2%2Fcomments&post=14782"}],"version-history":[{"count":1,"href":"https:\/\/www.plurinominal.com.mx\/index.php?rest_route=\/wp\/v2\/posts\/14782\/revisions"}],"predecessor-version":[{"id":14783,"href":"https:\/\/www.plurinominal.com.mx\/index.php?rest_route=\/wp\/v2\/posts\/14782\/revisions\/14783"}],"wp:featuredmedia":[{"embeddable":true,"href":"https:\/\/www.plurinominal.com.mx\/index.php?rest_route=\/wp\/v2\/media\/14774"}],"wp:attachment":[{"href":"https:\/\/www.plurinominal.com.mx\/index.php?rest_route=%2Fwp%2Fv2%2Fmedia&parent=14782"}],"wp:term":[{"taxonomy":"category","embeddable":true,"href":"https:\/\/www.plurinominal.com.mx\/index.php?rest_route=%2Fwp%2Fv2%2Fcategories&post=14782"},{"taxonomy":"post_tag","embeddable":true,"href":"https:\/\/www.plurinominal.com.mx\/index.php?rest_route=%2Fwp%2Fv2%2Ftags&post=14782"}],"curies":[{"name":"wp","href":"https:\/\/api.w.org\/{rel}","templated":true}]}}