{"id":14799,"date":"2021-12-23T09:45:25","date_gmt":"2021-12-23T15:45:25","guid":{"rendered":"https:\/\/www.plurinominal.com.mx\/?p=14799"},"modified":"2021-12-23T09:45:25","modified_gmt":"2021-12-23T15:45:25","slug":"profe-valero-amable-trabajador-sencillo-y-vacilador","status":"publish","type":"post","link":"https:\/\/www.plurinominal.com.mx\/?p=14799","title":{"rendered":"Profe Valero: amable, trabajador, sencillo y \u201cvacilador\u201d"},"content":{"rendered":"<ul>\n<li class=\"western\" style=\"text-align: justify;\">As\u00ed lo recuerdan sus amigos y familiares<\/li>\n<\/ul>\n<p class=\"western\" style=\"text-align: justify;\"><span style=\"font-size: 10pt; font-family: 'trebuchet ms', geneva, sans-serif;\"><strong>MARCO SERNA.-\u00a0<\/strong><\/span>Amigos y familiares despidieron al profesor Francisco Valero de la Cruz quien falleci\u00f3 el pasado 19 de diciembre.<\/p>\n<p class=\"western\" style=\"text-align: justify;\">La velaci\u00f3n se llev\u00f3 a cabo el lunes 20 en su domicilio de Abasolo 75, barrio de San Juan. Luego se program\u00f3 un homenaje en su honor en la comunidad de El Sa\u00faz, para luego dar paso a la misa de cuerpo presente en la Parroquia de San Juan Bautista de Cerritos a las 5:00 de la tarde.<\/p>\n<p class=\"western\" style=\"text-align: justify;\">El cortejo lleg\u00f3 al pante\u00f3n cerca de las 6:30 PM, acompa\u00f1ado de mariachi as\u00ed como de familiares y cercanas amistades.<\/p>\n<p class=\"western\" style=\"text-align: justify;\">Durante la despedida se explic\u00f3 que el profesor lleg\u00f3 a Cerritos hace m\u00e1s de 30 a\u00f1os, \u201caqu\u00ed le gust\u00f3 para formar familia\u201d, y ahora aqu\u00ed descansa en paz.<\/p>\n<p class=\"western\" style=\"text-align: justify;\"><span lang=\"es-MX\">Parientes pidieron <\/span>que lo recordaran como siempre fue. Una persona amable, trabajadora, sencilla, con carisma y \u201cvaciladora\u201d, que amaba su profesi\u00f3n al grado que \u00e9sta habr\u00eda sido un detonante para el fallecimiento.<\/p>\n<p class=\"western\" style=\"text-align: justify;\">Se explic\u00f3 que aun no se sabe cu\u00e1ndo acabar\u00e1 la pandemia, pero esta afecta a cualquier persona. El profesor luch\u00f3 7 d\u00edas intubado, pero no pudo resistir y muri\u00f3 justo el d\u00eda en que ten\u00eda cita en Monterrey debido a que recientemente se le hab\u00eda colocado un marcapasos.<\/p>\n<p class=\"western\" style=\"text-align: justify;\">Le sobreviven sus hijos Miguel, M<span lang=\"es-MX\">anuel, Francisco, Jorge, Lucy y Citlaly.<\/span><\/p>\n<p class=\"western\" style=\"text-align: justify;\">El profesor Valero, como le conoc\u00edan tuvo muchos amigos que lo estimaban por su esp\u00edritu de lucha. Ellos lo recuerdan cuando form\u00f3 parte del Frente C\u00edvico y cada 8 del mes tomaba un micr\u00f3fono para denunciar irregularidades, luego particip\u00f3 con Plurinominal con escritos de opini\u00f3n y reportes.<\/p>\n<p class=\"western\" style=\"text-align: justify;\">Ahora esa voz que tambi\u00e9n reson\u00f3 por las calles para dar a conocer distintos avisos mediante parlantes, seguir\u00e1 escuch\u00e1ndose en nuestros recuerdos, hasta que el \u00faltimo de quienes lo conocimos tampoco est\u00e9.<\/p>\n<p class=\"western\" style=\"text-align: justify;\">El profesor fue cremado. Al sellarse la b\u00f3veda en el \u201cnuevo pante\u00f3n\u201d familiares y amigos le dieron un gran aplauso a una de las personas que contribuy\u00f3 a la formaci\u00f3n del Cerritos tal y como ahora lo conocemos.<\/p>\n","protected":false},"excerpt":{"rendered":"<p>Amigos y familiares despidieron al profesor Francisco Valero de la Cruz quien falleci\u00f3 el pasado 19 de diciembre.<\/p>\n","protected":false},"author":5,"featured_media":14800,"comment_status":"closed","ping_status":"open","sticky":false,"template":"","format":"standard","meta":{"footnotes":""},"categories":[3,486,485],"tags":[],"class_list":["post-14799","post","type-post","status-publish","format-standard","has-post-thumbnail","hentry","category-cerritos","category-educacion","category-sociales","entry","simple"],"_links":{"self":[{"href":"https:\/\/www.plurinominal.com.mx\/index.php?rest_route=\/wp\/v2\/posts\/14799","targetHints":{"allow":["GET"]}}],"collection":[{"href":"https:\/\/www.plurinominal.com.mx\/index.php?rest_route=\/wp\/v2\/posts"}],"about":[{"href":"https:\/\/www.plurinominal.com.mx\/index.php?rest_route=\/wp\/v2\/types\/post"}],"author":[{"embeddable":true,"href":"https:\/\/www.plurinominal.com.mx\/index.php?rest_route=\/wp\/v2\/users\/5"}],"replies":[{"embeddable":true,"href":"https:\/\/www.plurinominal.com.mx\/index.php?rest_route=%2Fwp%2Fv2%2Fcomments&post=14799"}],"version-history":[{"count":1,"href":"https:\/\/www.plurinominal.com.mx\/index.php?rest_route=\/wp\/v2\/posts\/14799\/revisions"}],"predecessor-version":[{"id":14801,"href":"https:\/\/www.plurinominal.com.mx\/index.php?rest_route=\/wp\/v2\/posts\/14799\/revisions\/14801"}],"wp:featuredmedia":[{"embeddable":true,"href":"https:\/\/www.plurinominal.com.mx\/index.php?rest_route=\/wp\/v2\/media\/14800"}],"wp:attachment":[{"href":"https:\/\/www.plurinominal.com.mx\/index.php?rest_route=%2Fwp%2Fv2%2Fmedia&parent=14799"}],"wp:term":[{"taxonomy":"category","embeddable":true,"href":"https:\/\/www.plurinominal.com.mx\/index.php?rest_route=%2Fwp%2Fv2%2Fcategories&post=14799"},{"taxonomy":"post_tag","embeddable":true,"href":"https:\/\/www.plurinominal.com.mx\/index.php?rest_route=%2Fwp%2Fv2%2Ftags&post=14799"}],"curies":[{"name":"wp","href":"https:\/\/api.w.org\/{rel}","templated":true}]}}