{"id":14811,"date":"2021-11-08T10:15:46","date_gmt":"2021-11-08T16:15:46","guid":{"rendered":"https:\/\/www.plurinominal.com.mx\/?p=14811"},"modified":"2021-12-23T10:17:32","modified_gmt":"2021-12-23T16:17:32","slug":"gas-no-rinde-denuncian-amas-de-casa","status":"publish","type":"post","link":"https:\/\/www.plurinominal.com.mx\/?p=14811","title":{"rendered":"Gas no rinde, denuncian amas de casa"},"content":{"rendered":"<ul>\n<li class=\"western\" style=\"text-align: justify;\">Sospechan de despachadores <span lang=\"es-MX\">transas<\/span>; les pedir\u00e1n ticket<\/li>\n<\/ul>\n<p class=\"western\" style=\"text-align: justify;\"><span style=\"font-size: 10pt; font-family: 'trebuchet ms', geneva, sans-serif;\"><strong>FRANCISCO VALERO.-\u00a0<\/strong><\/span>Es recurrente la queja de amas de casa sobre la duraci\u00f3n del combustible en la cocina. Sospechan que las gaseras no est\u00e1n surtiendo la cantidad suficiente por el precio que les pagan. La desconfianza nace a ra\u00edz de que se han dado cuenta de que el gas que surten por quincena o por mes, cada d\u00eda dura menos en la cocina.<\/p>\n<p class=\"western\" style=\"text-align: justify;\">Unas de las quejosas relat\u00f3 a Plurinominal que siempre anota en un calendario el d\u00eda que compra gas. La duraci\u00f3n del <span lang=\"es-MX\">fluido<\/span> <span lang=\"es-MX\">se extend\u00eda m\u00e1s de 2 semanas,<\/span> pero en las \u00faltimas fechas <span lang=\"es-MX\">el combustible <\/span>no dur\u00f3 lo mismo, siendo que ella no lo utiliza para otra cosa.<\/p>\n<p class=\"western\" style=\"text-align: justify;\">En ese hogar volvieron a comprar gas. Anotaron la fecha en el calendario pero <span lang=\"es-MX\">apenas dur\u00f3 cerca de la semana.<\/span><\/p>\n<p class=\"western\" style=\"text-align: justify;\"><span lang=\"es-MX\">Al principio los clientes de<\/span>sconfiaban de gaseras for\u00e1neas, pues no tendr\u00edan a quien reclamar en caso de que los empleados <span lang=\"es-MX\">hicieran transas.<\/span><\/p>\n<p class=\"western\" style=\"text-align: justify;\"><span lang=\"es-MX\">E<\/span>speraban las pipas de la gasera local. Prefer\u00edan acudir a la planta establecida a un lado de la carretera que conduce a Villa Ju\u00e1rez.<\/p>\n<p class=\"western\" style=\"text-align: justify;\">Sin embargo los que acudieron a la <span lang=\"es-MX\">despachadora <\/span>son los que m\u00e1s se han quejado de que no les surten la cantidad suficiente por el precio pagado.<\/p>\n<p class=\"western\" style=\"text-align: justify;\">Dijeron que solo han notado esa situaci\u00f3n cuando est\u00e1 determinada persona. Creen que hace transas.<\/p>\n<p class=\"western\" style=\"text-align: justify;\">\u00abNosotros no le sabemos a la m\u00e1quina que tiene para medir. Ser\u00eda <span lang=\"es-MX\">bueno<\/span> que a todos nos entreguen el ticket\u00bb. Dijo un denunciante.<\/p>\n<p class=\"western\" style=\"text-align: justify;\">Los clientes de la gasera creen que <span lang=\"es-MX\">de este modo <\/span>no habr\u00eda manera de que los empleados hagan de las suyas.<\/p>\n<p class=\"western\" style=\"text-align: justify;\">\u00abGastamos m\u00e1s en ir hasta la gasera; ahora le compramos a cualquier cami\u00f3n que pasa\u00bb, dijo un quejoso.<\/p>\n<p class=\"western\" style=\"text-align: justify;\"><span lang=\"es-MX\">Manifestantes e<\/span>speran que las autoridades municipales den cuenta a la Procuradur\u00eda Federal del Consumidor (PROFECO) para que tome cartas en el asunto.<\/p>\n","protected":false},"excerpt":{"rendered":"<p>Es recurrente la queja de amas de casa sobre la duraci\u00f3n del combustible en la cocina. Sospechan que las gaseras no est\u00e1n surtiendo la cantidad suficiente por el precio que les pagan. La desconfianza nace a ra\u00edz de que se han dado cuenta de que el gas que surten por quincena o por mes, cada d\u00eda dura menos en la cocina.<\/p>\n","protected":false},"author":5,"featured_media":14812,"comment_status":"closed","ping_status":"open","sticky":false,"template":"","format":"standard","meta":{"footnotes":""},"categories":[3,483,486,485,4],"tags":[],"class_list":["post-14811","post","type-post","status-publish","format-standard","has-post-thumbnail","hentry","category-cerritos","category-cultura","category-educacion","category-sociales","category-villa-juarez","entry","simple"],"_links":{"self":[{"href":"https:\/\/www.plurinominal.com.mx\/index.php?rest_route=\/wp\/v2\/posts\/14811","targetHints":{"allow":["GET"]}}],"collection":[{"href":"https:\/\/www.plurinominal.com.mx\/index.php?rest_route=\/wp\/v2\/posts"}],"about":[{"href":"https:\/\/www.plurinominal.com.mx\/index.php?rest_route=\/wp\/v2\/types\/post"}],"author":[{"embeddable":true,"href":"https:\/\/www.plurinominal.com.mx\/index.php?rest_route=\/wp\/v2\/users\/5"}],"replies":[{"embeddable":true,"href":"https:\/\/www.plurinominal.com.mx\/index.php?rest_route=%2Fwp%2Fv2%2Fcomments&post=14811"}],"version-history":[{"count":1,"href":"https:\/\/www.plurinominal.com.mx\/index.php?rest_route=\/wp\/v2\/posts\/14811\/revisions"}],"predecessor-version":[{"id":14813,"href":"https:\/\/www.plurinominal.com.mx\/index.php?rest_route=\/wp\/v2\/posts\/14811\/revisions\/14813"}],"wp:featuredmedia":[{"embeddable":true,"href":"https:\/\/www.plurinominal.com.mx\/index.php?rest_route=\/wp\/v2\/media\/14812"}],"wp:attachment":[{"href":"https:\/\/www.plurinominal.com.mx\/index.php?rest_route=%2Fwp%2Fv2%2Fmedia&parent=14811"}],"wp:term":[{"taxonomy":"category","embeddable":true,"href":"https:\/\/www.plurinominal.com.mx\/index.php?rest_route=%2Fwp%2Fv2%2Fcategories&post=14811"},{"taxonomy":"post_tag","embeddable":true,"href":"https:\/\/www.plurinominal.com.mx\/index.php?rest_route=%2Fwp%2Fv2%2Ftags&post=14811"}],"curies":[{"name":"wp","href":"https:\/\/api.w.org\/{rel}","templated":true}]}}