{"id":1482,"date":"2011-12-27T11:09:19","date_gmt":"2011-12-27T17:09:19","guid":{"rendered":"http:\/\/www.plurinominal.com.mx\/?p=1482"},"modified":"2012-01-24T11:09:39","modified_gmt":"2012-01-24T17:09:39","slug":"empleados-del-rastro-municipal-podrian-contraer-infecciones","status":"publish","type":"post","link":"https:\/\/www.plurinominal.com.mx\/?p=1482","title":{"rendered":"Empleados del Rastro Municipal podr\u00edan contraer infecciones"},"content":{"rendered":"<p>Escasez de agua, el problema principal <\/p>\n<p>Ma. del Carmen V.<br \/>\nEmpleados del Rastro Municipal manifestaron a este medio de informaci\u00f3n que la falta de agua es el principal ingrediente que ocasiona condiciones insalubres en ese lugar.<br \/>\nDeclararon los trabajadores que corren el riesgo de contraer infecciones, ya que el agua que se acarrea a dicho inmueble no es suficiente para las actividades que all\u00ed se realizan.<br \/>\nTambi\u00e9n se quejaron de las jornadas de trabajo actuales.<br \/>\nAnteriormente entraban a laborar a las cuatro de la ma\u00f1ana y sal\u00edan cerca de las 12:00.<br \/>\nAhora les han impuesto un nuevo horario. Entran a las cuatro de la ma\u00f1ana pero salen despu\u00e9s de las dos de la tarde.<br \/>\nArgumentaron, que el Rastro Municipal debe mejorar la higiene. El producto que de ah\u00ed se expende a todas las carnicer\u00edas debe de contar con todas las normas que impone la Secretar\u00eda de Salud.<br \/>\nComentaron, que el lugar donde se desecha el agua es un foco de infecci\u00f3n permanente. Se debe de buscar otra manera de tratar el agua que se excluye.<br \/>\nLos trabajadores sugieren, que la Jurisdicci\u00f3n Sanitaria se d\u00e9 una vuelta por el lugar para que determine las condiciones en que se est\u00e1 trabajando y emita alguna recomendaci\u00f3n.<br \/>\nConsideraron, que tambi\u00e9n es deber del Regidor encargado del Rastro Municipal verificar las instalaciones. Dijeron que al menos nunca han tenido conocimiento que el edil de ese departamento se d\u00e9 una vuelta por el lugar.<br \/>\nAgregaron que la pipa de agua debe de surtir con mayor frecuencia los dep\u00f3sitos del Rastro Municipal.<br \/>\nEn ocasiones el l\u00edquido se agota y ven pasar la pipa hacia otros lugares. \u201cEl rastro tiene que esperar hasta que le toque su turno\u201d.<br \/>\nLos trabajadores tambi\u00e9n solicitan que se les brinden uniformes e implementos necesarios para desarrollar su trabajo. <\/p>\n","protected":false},"excerpt":{"rendered":"<p>Escasez de agua, el problema principal Ma. del Carmen V. Empleados del Rastro Municipal manifestaron a este medio de informaci\u00f3n que la falta de agua es el principal ingrediente que&#8230;<\/p>\n","protected":false},"author":1,"featured_media":0,"comment_status":"closed","ping_status":"open","sticky":false,"template":"","format":"standard","meta":{"footnotes":""},"categories":[3],"tags":[],"class_list":["post-1482","post","type-post","status-publish","format-standard","hentry","category-cerritos","entry","simple"],"_links":{"self":[{"href":"https:\/\/www.plurinominal.com.mx\/index.php?rest_route=\/wp\/v2\/posts\/1482","targetHints":{"allow":["GET"]}}],"collection":[{"href":"https:\/\/www.plurinominal.com.mx\/index.php?rest_route=\/wp\/v2\/posts"}],"about":[{"href":"https:\/\/www.plurinominal.com.mx\/index.php?rest_route=\/wp\/v2\/types\/post"}],"author":[{"embeddable":true,"href":"https:\/\/www.plurinominal.com.mx\/index.php?rest_route=\/wp\/v2\/users\/1"}],"replies":[{"embeddable":true,"href":"https:\/\/www.plurinominal.com.mx\/index.php?rest_route=%2Fwp%2Fv2%2Fcomments&post=1482"}],"version-history":[{"count":0,"href":"https:\/\/www.plurinominal.com.mx\/index.php?rest_route=\/wp\/v2\/posts\/1482\/revisions"}],"wp:attachment":[{"href":"https:\/\/www.plurinominal.com.mx\/index.php?rest_route=%2Fwp%2Fv2%2Fmedia&parent=1482"}],"wp:term":[{"taxonomy":"category","embeddable":true,"href":"https:\/\/www.plurinominal.com.mx\/index.php?rest_route=%2Fwp%2Fv2%2Fcategories&post=1482"},{"taxonomy":"post_tag","embeddable":true,"href":"https:\/\/www.plurinominal.com.mx\/index.php?rest_route=%2Fwp%2Fv2%2Ftags&post=1482"}],"curies":[{"name":"wp","href":"https:\/\/api.w.org\/{rel}","templated":true}]}}