{"id":1484,"date":"2011-12-26T11:09:56","date_gmt":"2011-12-26T17:09:56","guid":{"rendered":"http:\/\/www.plurinominal.com.mx\/?p=1484"},"modified":"2012-01-24T11:10:15","modified_gmt":"2012-01-24T17:10:15","slug":"inicio-la-ferepa-2011","status":"publish","type":"post","link":"https:\/\/www.plurinominal.com.mx\/?p=1484","title":{"rendered":"Inici\u00f3 la FEREPA 2011"},"content":{"rendered":"<p>Marco Serna<br \/>\nEl comit\u00e9 organizador de la Feria Regional del Paisano en su presente edici\u00f3n, \u2014FEREPA 2011\u2014, dio inicio a las actividades programadas para dar marcha a la festividad.<br \/>\nA partir de este 25 de diciembre se contemplaron distintas actividades y hasta el mediod\u00eda de la fecha mencionada, no se inform\u00f3 a Plurinominal sobre cambios de \u00faltima hora.<br \/>\nLa fiesta que tiene por finalidad reconocer a los connacionales, program\u00f3 en el teatro del pueblo a la agrupaci\u00f3n conocida como \u201cLos Terr\u00edcolas\u201d. Asimismo los asistentes podr\u00e1n presenciar la actuaci\u00f3n del grupo de bailes finos de sal\u00f3n \u201cNueva Generaci\u00f3n\u201d. As\u00ed se asegur\u00f3 en la cartelera.<br \/>\nUn concurso de canto se dispuso para este 26 de diciembre, el grupo de danza \u201cHunac Cell\u201d y el conjunto cerritense \u201cInverso\u201d.<br \/>\nLos vecinos de la comuna podr\u00e1n disfrutar de la \u201cPastorela de Tepoztl\u00e1n\u201d y un concierto navide\u00f1o del grupo \u201cAlquimia\u201d el 27 del \u00faltimo mes del a\u00f1o, y la noche siguiente, a partir de las 7:00 PM se presenta \u201cBuble Gran Brass\u201d, banda \u201cLa Carbonera\u201d y un Show sorpresa.<br \/>\nCierran las presentaciones el \u201cGrupo Guacharacos\u201d, y \u201cChronos\u201d el 29 de diciembre.<br \/>\nSe indica en la publicidad enviada a este medio, que como patrocinadores de los eventos, resalta la participaci\u00f3n de la empresa \u201cCementos Moctezuma\u201d y \u201cAutobuses Cerritenses\u201d, quienes apoyaron al H. Ayuntamiento para llevar a cabo la festividad.<\/p>\n","protected":false},"excerpt":{"rendered":"<p>Marco Serna El comit\u00e9 organizador de la Feria Regional del Paisano en su presente edici\u00f3n, \u2014FEREPA 2011\u2014, dio inicio a las actividades programadas para dar marcha a la festividad. A&#8230;<\/p>\n","protected":false},"author":1,"featured_media":0,"comment_status":"closed","ping_status":"open","sticky":false,"template":"","format":"standard","meta":{"footnotes":""},"categories":[3],"tags":[],"class_list":["post-1484","post","type-post","status-publish","format-standard","hentry","category-cerritos","entry","simple"],"_links":{"self":[{"href":"https:\/\/www.plurinominal.com.mx\/index.php?rest_route=\/wp\/v2\/posts\/1484","targetHints":{"allow":["GET"]}}],"collection":[{"href":"https:\/\/www.plurinominal.com.mx\/index.php?rest_route=\/wp\/v2\/posts"}],"about":[{"href":"https:\/\/www.plurinominal.com.mx\/index.php?rest_route=\/wp\/v2\/types\/post"}],"author":[{"embeddable":true,"href":"https:\/\/www.plurinominal.com.mx\/index.php?rest_route=\/wp\/v2\/users\/1"}],"replies":[{"embeddable":true,"href":"https:\/\/www.plurinominal.com.mx\/index.php?rest_route=%2Fwp%2Fv2%2Fcomments&post=1484"}],"version-history":[{"count":0,"href":"https:\/\/www.plurinominal.com.mx\/index.php?rest_route=\/wp\/v2\/posts\/1484\/revisions"}],"wp:attachment":[{"href":"https:\/\/www.plurinominal.com.mx\/index.php?rest_route=%2Fwp%2Fv2%2Fmedia&parent=1484"}],"wp:term":[{"taxonomy":"category","embeddable":true,"href":"https:\/\/www.plurinominal.com.mx\/index.php?rest_route=%2Fwp%2Fv2%2Fcategories&post=1484"},{"taxonomy":"post_tag","embeddable":true,"href":"https:\/\/www.plurinominal.com.mx\/index.php?rest_route=%2Fwp%2Fv2%2Ftags&post=1484"}],"curies":[{"name":"wp","href":"https:\/\/api.w.org\/{rel}","templated":true}]}}