{"id":14887,"date":"2021-11-29T09:12:07","date_gmt":"2021-11-29T15:12:07","guid":{"rendered":"https:\/\/www.plurinominal.com.mx\/?p=14887"},"modified":"2022-01-04T09:15:53","modified_gmt":"2022-01-04T15:15:53","slug":"piden-retiro-de-vehiculos","status":"publish","type":"post","link":"https:\/\/www.plurinominal.com.mx\/?p=14887","title":{"rendered":"Piden retiro de veh\u00edculos"},"content":{"rendered":"<ul>\n<li class=\"western\" style=\"text-align: justify;\"><span lang=\"es-MX\">C<\/span>ausan mal aspecto y propician acumulamiento de basura<\/li>\n<\/ul>\n<p class=\"western\" style=\"text-align: justify;\"><span style=\"font-size: 10pt; font-family: 'trebuchet ms', geneva, sans-serif;\"><strong>REDACCI\u00d3N.-\u00a0<\/strong><\/span>Vecinos de la cabecera municipal piden la intervenci\u00f3n de corporaciones policiacas para retirar veh\u00edculos que se consideran \u201cabandonados\u201d.<\/p>\n<p class=\"western\" style=\"text-align: justify;\">Afirman que causan mal aspecto y propician la acumulaci\u00f3n de basura, adem\u00e1s temen que se conviertan en escondites de malvivientes.<\/p>\n<p class=\"western\" style=\"text-align: justify;\">Los quejosos se\u00f1alaron que las corporaciones policiacas, en sus recorridos deben poner atenci\u00f3n para detectar aquellos veh\u00edculos que se encuentran en condiciones de abandono sobre la v\u00eda p\u00fablica.<\/p>\n<p class=\"western\" style=\"text-align: justify;\">Creen que deben ser requisados por autoridades hasta que se presenten los due\u00f1os a realizar el reclamo.<\/p>\n<p class=\"western\" style=\"text-align: justify;\">Comentaron que en la zona centro de la cabecera municipal existen veh\u00edculos que han permanecido en el mismo lugar durante d\u00edas, por eso piden sean retirados y enviados al corral\u00f3n.<\/p>\n<p class=\"western\" style=\"text-align: justify;\">Uno de los veh\u00edculos denunciados es una camioneta de 3 toneladas, en color blanco, la cual desde hace tiempo permanece estacionada en la calle Nicol\u00e1s Bravo, frente a la gasolinera.<\/p>\n<p class=\"western\" style=\"text-align: justify;\">La camioneta no ha sido movida y la basura se empieza a acumular, por las noches han visto que algunos individuos se esconden <span lang=\"es-MX\">detr\u00e1s.<\/span><\/p>\n<p class=\"western\" style=\"text-align: justify;\">Otra denuncia es sobre una camioneta utilizada como desordenado almac\u00e9n de madera. El veh\u00edculo se encuentra en plena zona centro <span lang=\"es-MX\">y<\/span> causa mal aspecto para los visitantes, por eso recomiendan que el veh\u00edculo sea movido <span lang=\"es-MX\">ya que <\/span>diari<span lang=\"es-MX\">o <\/span>permanece en el mismo sitio.<\/p>\n<p class=\"western\" style=\"text-align: justify;\">Vecinos aseguran que la camioneta roja permanece estacionada en la calle Hidalgo, pero <span lang=\"es-MX\">adem\u00e1s se<\/span> atraviesan obst\u00e1culos que impiden el paso de peatones.<\/p>\n<p class=\"western\" style=\"text-align: justify;\">Al momento <span lang=\"es-MX\">en<\/span> que este medio se present\u00f3 en el lugar, abajo de la banqueta <span lang=\"es-MX\">estaba <\/span>un bote grande para basura, <span lang=\"es-MX\">as\u00ed como varios <\/span>trozos de madera desperdigados junto a la unidad.<\/p>\n<p class=\"western\" style=\"text-align: justify;\">Automovilistas han mostrado su inconformidad contra elementos de vialidad, los cuales a toda hora hacen alarde de las torretas para azuzar a los automovilistas que se estacionan en alg\u00fan lugar \u00abprohibido\u00bb, pero no act\u00faan contra aquellas personas que obstruyen los estacionamientos.<\/p>\n<p class=\"western\" style=\"text-align: justify;\">Ciudadanos suponen que su misi\u00f3n es mantener las vialidades libres de obst\u00e1culos, por eso proponen que el cuerpo policiaco tambi\u00e9n se ocupe de retirar los objetos y de multar a responsables.<\/p>\n<p class=\"western\" style=\"text-align: justify;\">Tambi\u00e9n proponen que alrededor de la plaza y en calles c\u00e9ntricas se coloquen parqu\u00edmetros para evitar la apropiaci\u00f3n de lugares.<\/p>\n","protected":false},"excerpt":{"rendered":"<p>Vecinos de la cabecera municipal piden la intervenci\u00f3n de corporaciones policiacas para retirar veh\u00edculos que se consideran \u201cabandonados\u201d.<\/p>\n","protected":false},"author":5,"featured_media":14888,"comment_status":"closed","ping_status":"open","sticky":false,"template":"","format":"standard","meta":{"footnotes":""},"categories":[3,483,486,465,485],"tags":[],"class_list":["post-14887","post","type-post","status-publish","format-standard","has-post-thumbnail","hentry","category-cerritos","category-cultura","category-educacion","category-policia-2","category-sociales","entry","simple"],"_links":{"self":[{"href":"https:\/\/www.plurinominal.com.mx\/index.php?rest_route=\/wp\/v2\/posts\/14887","targetHints":{"allow":["GET"]}}],"collection":[{"href":"https:\/\/www.plurinominal.com.mx\/index.php?rest_route=\/wp\/v2\/posts"}],"about":[{"href":"https:\/\/www.plurinominal.com.mx\/index.php?rest_route=\/wp\/v2\/types\/post"}],"author":[{"embeddable":true,"href":"https:\/\/www.plurinominal.com.mx\/index.php?rest_route=\/wp\/v2\/users\/5"}],"replies":[{"embeddable":true,"href":"https:\/\/www.plurinominal.com.mx\/index.php?rest_route=%2Fwp%2Fv2%2Fcomments&post=14887"}],"version-history":[{"count":1,"href":"https:\/\/www.plurinominal.com.mx\/index.php?rest_route=\/wp\/v2\/posts\/14887\/revisions"}],"predecessor-version":[{"id":14889,"href":"https:\/\/www.plurinominal.com.mx\/index.php?rest_route=\/wp\/v2\/posts\/14887\/revisions\/14889"}],"wp:featuredmedia":[{"embeddable":true,"href":"https:\/\/www.plurinominal.com.mx\/index.php?rest_route=\/wp\/v2\/media\/14888"}],"wp:attachment":[{"href":"https:\/\/www.plurinominal.com.mx\/index.php?rest_route=%2Fwp%2Fv2%2Fmedia&parent=14887"}],"wp:term":[{"taxonomy":"category","embeddable":true,"href":"https:\/\/www.plurinominal.com.mx\/index.php?rest_route=%2Fwp%2Fv2%2Fcategories&post=14887"},{"taxonomy":"post_tag","embeddable":true,"href":"https:\/\/www.plurinominal.com.mx\/index.php?rest_route=%2Fwp%2Fv2%2Ftags&post=14887"}],"curies":[{"name":"wp","href":"https:\/\/api.w.org\/{rel}","templated":true}]}}