{"id":14946,"date":"2021-12-16T19:55:29","date_gmt":"2021-12-17T01:55:29","guid":{"rendered":"https:\/\/www.plurinominal.com.mx\/?p=14946"},"modified":"2022-01-20T19:57:07","modified_gmt":"2022-01-21T01:57:07","slug":"grupo-ambientalista-de-villa-juarez-no-esta-ligado-al-pvem","status":"publish","type":"post","link":"https:\/\/www.plurinominal.com.mx\/?p=14946","title":{"rendered":"Grupo Ambientalista de Villa Ju\u00e1rez no est\u00e1 ligado al PVEM"},"content":{"rendered":"<ul>\n<li class=\"western\" style=\"text-align: justify;\">Trabajan de forma independiente, explican<\/li>\n<\/ul>\n<p class=\"western\" style=\"text-align: justify;\"><span style=\"font-size: 10pt; font-family: 'trebuchet ms', geneva, sans-serif;\"><strong>REDACCI\u00d3N.-\u00a0<\/strong><\/span>Luego del encendido navide\u00f1o llevado a cabo en Villa Ju\u00e1rez el pasado 11 de diciembre por la noche, decenas de personas <span lang=\"es-MX\">han<\/span>\u00a0aprovechado para tomarse fotograf\u00edas con celulares para exponerlas en sus redes sociales.<\/p>\n<p class=\"western\" style=\"text-align: justify;\">La entrada y zonas de la plaza principal, son los sitios favoritos de vecinos y visitantes, gracias a la colaboraci\u00f3n de miembros del grupo ambientalista.<\/p>\n<p class=\"western\" style=\"text-align: justify;\">Ante se\u00f1alamientos que los vinculan con el Partido Verde Ecologista de M\u00e9xico, Marissa Almaz\u00e1n dijo que trabajan de forma independiente, y dej\u00f3 claro que est\u00e1n ajenos a toda actividad pol\u00edtica.<\/p>\n<p class=\"western\" style=\"text-align: justify;\">Luego del encendido, los ambientalistas y autoridades municipales se trasladaron a la plaza principal en caravana, donde se realiz\u00f3 el encendido de<span lang=\"es-MX\">l <\/span>\u00e1rbol navide\u00f1o, kiosco y el del nacimiento del ni\u00f1o Dios.<\/p>\n<p class=\"western\" style=\"text-align: justify;\"><span lang=\"es-MX\">Asimismo<\/span> chicos y grandes pudieron disfrutar del \u201c<span lang=\"es-MX\">Cine al aire libre<\/span>\u201d, donde se proyect\u00f3 \u201cFrozen La Pel\u00edcula\u201d. El Sistema Municipal DIF comparti\u00f3 jugos y palomitas a los presentes.<\/p>\n<p class=\"western\" style=\"text-align: justify;\">Para finalizar se continu\u00f3 con el recorrido por la calle Bocanegra hasta llegar al parque San Rafael donde se realiz\u00f3 el encendido del \u00c1rbol Navide\u00f1o del Grupo Ambientalista.<\/p>\n","protected":false},"excerpt":{"rendered":"<p>Luego del encendido navide\u00f1o llevado a cabo en Villa Ju\u00e1rez el pasado 11 de diciembre por la noche, decenas de personas han\u00a0aprovechado para tomarse fotograf\u00edas con celulares para exponerlas en sus redes sociales.<\/p>\n","protected":false},"author":5,"featured_media":14947,"comment_status":"closed","ping_status":"open","sticky":false,"template":"","format":"standard","meta":{"footnotes":""},"categories":[483,486,463,485,4],"tags":[],"class_list":["post-14946","post","type-post","status-publish","format-standard","has-post-thumbnail","hentry","category-cultura","category-educacion","category-politica","category-sociales","category-villa-juarez","entry","simple"],"_links":{"self":[{"href":"https:\/\/www.plurinominal.com.mx\/index.php?rest_route=\/wp\/v2\/posts\/14946","targetHints":{"allow":["GET"]}}],"collection":[{"href":"https:\/\/www.plurinominal.com.mx\/index.php?rest_route=\/wp\/v2\/posts"}],"about":[{"href":"https:\/\/www.plurinominal.com.mx\/index.php?rest_route=\/wp\/v2\/types\/post"}],"author":[{"embeddable":true,"href":"https:\/\/www.plurinominal.com.mx\/index.php?rest_route=\/wp\/v2\/users\/5"}],"replies":[{"embeddable":true,"href":"https:\/\/www.plurinominal.com.mx\/index.php?rest_route=%2Fwp%2Fv2%2Fcomments&post=14946"}],"version-history":[{"count":1,"href":"https:\/\/www.plurinominal.com.mx\/index.php?rest_route=\/wp\/v2\/posts\/14946\/revisions"}],"predecessor-version":[{"id":14948,"href":"https:\/\/www.plurinominal.com.mx\/index.php?rest_route=\/wp\/v2\/posts\/14946\/revisions\/14948"}],"wp:featuredmedia":[{"embeddable":true,"href":"https:\/\/www.plurinominal.com.mx\/index.php?rest_route=\/wp\/v2\/media\/14947"}],"wp:attachment":[{"href":"https:\/\/www.plurinominal.com.mx\/index.php?rest_route=%2Fwp%2Fv2%2Fmedia&parent=14946"}],"wp:term":[{"taxonomy":"category","embeddable":true,"href":"https:\/\/www.plurinominal.com.mx\/index.php?rest_route=%2Fwp%2Fv2%2Fcategories&post=14946"},{"taxonomy":"post_tag","embeddable":true,"href":"https:\/\/www.plurinominal.com.mx\/index.php?rest_route=%2Fwp%2Fv2%2Ftags&post=14946"}],"curies":[{"name":"wp","href":"https:\/\/api.w.org\/{rel}","templated":true}]}}