{"id":1496,"date":"2011-12-27T11:15:43","date_gmt":"2011-12-27T17:15:43","guid":{"rendered":"http:\/\/www.plurinominal.com.mx\/?p=1496"},"modified":"2012-01-24T11:16:19","modified_gmt":"2012-01-24T17:16:19","slug":"intolero-a-su-cunado","status":"publish","type":"post","link":"https:\/\/www.plurinominal.com.mx\/?p=1496","title":{"rendered":"Intoler\u00f3 a su cu\u00f1ado"},"content":{"rendered":"<p>Del equipo de redacci\u00f3n<br \/>\nAdolescente escandaliz\u00f3 en la casa de su cu\u00f1ado. El problema intoler\u00f3 a \u00e9ste \u00faltimo que termin\u00f3 solicitando ayuda a la polic\u00eda municipal para que se lo llevaran de su domicilio.<br \/>\nA los primeros minutos de este 25 de diciembre, Francisco Silva Hern\u00e1ndez de 34 a\u00f1os, acus\u00f3 a Dar\u00edo Amparo Turrubiartes Maldonado de haber causado esc\u00e1ndalo en su hogar, y de haberlo agredido en un domicilio que se ubica en la esquina de Santos Degollado y Honorato Castillo.<br \/>\nEl responsable de las acciones, cuenta apenas con 17 a\u00f1os de edad, por este motivo los oficiales s\u00f3lo procedieron a retirarlo del lugar.<\/p>\n","protected":false},"excerpt":{"rendered":"<p>Del equipo de redacci\u00f3n Adolescente escandaliz\u00f3 en la casa de su cu\u00f1ado. El problema intoler\u00f3 a \u00e9ste \u00faltimo que termin\u00f3 solicitando ayuda a la polic\u00eda municipal para que se lo&#8230;<\/p>\n","protected":false},"author":1,"featured_media":0,"comment_status":"closed","ping_status":"open","sticky":false,"template":"","format":"standard","meta":{"footnotes":""},"categories":[3],"tags":[],"class_list":["post-1496","post","type-post","status-publish","format-standard","hentry","category-cerritos","entry","simple"],"_links":{"self":[{"href":"https:\/\/www.plurinominal.com.mx\/index.php?rest_route=\/wp\/v2\/posts\/1496","targetHints":{"allow":["GET"]}}],"collection":[{"href":"https:\/\/www.plurinominal.com.mx\/index.php?rest_route=\/wp\/v2\/posts"}],"about":[{"href":"https:\/\/www.plurinominal.com.mx\/index.php?rest_route=\/wp\/v2\/types\/post"}],"author":[{"embeddable":true,"href":"https:\/\/www.plurinominal.com.mx\/index.php?rest_route=\/wp\/v2\/users\/1"}],"replies":[{"embeddable":true,"href":"https:\/\/www.plurinominal.com.mx\/index.php?rest_route=%2Fwp%2Fv2%2Fcomments&post=1496"}],"version-history":[{"count":0,"href":"https:\/\/www.plurinominal.com.mx\/index.php?rest_route=\/wp\/v2\/posts\/1496\/revisions"}],"wp:attachment":[{"href":"https:\/\/www.plurinominal.com.mx\/index.php?rest_route=%2Fwp%2Fv2%2Fmedia&parent=1496"}],"wp:term":[{"taxonomy":"category","embeddable":true,"href":"https:\/\/www.plurinominal.com.mx\/index.php?rest_route=%2Fwp%2Fv2%2Fcategories&post=1496"},{"taxonomy":"post_tag","embeddable":true,"href":"https:\/\/www.plurinominal.com.mx\/index.php?rest_route=%2Fwp%2Fv2%2Ftags&post=1496"}],"curies":[{"name":"wp","href":"https:\/\/api.w.org\/{rel}","templated":true}]}}