{"id":14977,"date":"2021-12-21T20:42:44","date_gmt":"2021-12-22T02:42:44","guid":{"rendered":"https:\/\/www.plurinominal.com.mx\/?p=14977"},"modified":"2022-01-24T20:46:52","modified_gmt":"2022-01-25T02:46:52","slug":"pandemia-cobro-vida-de-ex-integrante-de-los-vagoos","status":"publish","type":"post","link":"https:\/\/www.plurinominal.com.mx\/?p=14977","title":{"rendered":"Pandemia cobr\u00f3 vida de ex integrante de Los Vagoos"},"content":{"rendered":"<ul>\n<li class=\"western\" style=\"text-align: justify;\">Juan Mart\u00edn Banda Ceballos fue oriundo de Villa Ju\u00e1rez<\/li>\n<\/ul>\n<p class=\"western\" style=\"text-align: justify;\"><span style=\"font-size: 10pt; font-family: 'trebuchet ms', geneva, sans-serif;\"><strong>MARCO SERNA.-\u00a0<\/strong><\/span><span lang=\"es-MX\">Otro profesor de telesecundaria se suma a las v\u00edctimas durante la pandemia. Se trata de <\/span>Juan Mart\u00edn Banda Ceballos (1971-2021), Secretario de Trabajo y Conflictos de Telesecundaria CES 2021-2025.<\/p>\n<p class=\"western\" style=\"text-align: justify;\">Parientes, amigos y personal docente, en especial la Delegaci\u00f3n D-II-148 de San Mart\u00edn Chalchicuautla se sumaron a las condolencias al saber del fallecimiento registrado el 20 de diciembre.<\/p>\n<p class=\"western\" style=\"text-align: justify;\">La familia decidi\u00f3 cremarlo. El mi\u00e9rcoles 22 a las 12:30 <span lang=\"es-MX\">recibi\u00f3<\/span> un peque\u00f1o homenaje en el edificio de la Secci\u00f3n 26 y el jueves, en el Santuario de Guadalupe se celebrar\u00eda una misa al mediod\u00eda, quedando por confirmar otros eventos en Villa Ju\u00e1rez, de donde fue originario.<\/p>\n<p class=\"western\" style=\"text-align: justify;\">El profesor estudi\u00f3 su instrucci\u00f3n b\u00e1sica en su tierra natal. En Cerritos estudi\u00f3 en la secundaria 10, luego regres\u00f3 a la preparatoria de Villa Ju\u00e1rez.<\/p>\n<p class=\"western\" style=\"text-align: justify;\">Tuvo <span lang=\"es-MX\">distintos<\/span> pasatiempos, como fue la m\u00fasica, por eso form\u00f3 parte de la agrupaci\u00f3n Los Vagoos.<\/p>\n<p class=\"western\" style=\"text-align: justify;\">Primo de <span lang=\"es-MX\">Lupe y Juan<\/span> Guevara de BxS, inici\u00f3 como parte del staff de Los Vagoos, luego figur\u00f3 como percusionista, grabando dos discos con el grupo.<\/p>\n<p class=\"western\" style=\"text-align: justify;\">En Villa Ju\u00e1rez le dec\u00edan \u201cColores\u201d, debido a que sus ojos eran peculiares.<\/p>\n<p class=\"western\" style=\"text-align: justify;\">De car\u00e1cter altruista, Juan Mart\u00edn se fue a estudiar a la normal de Ciudad Madero Tamaulipas, y pas\u00f3 a formar parte del sistema de telesecundarias en la regi\u00f3n altiplano potosina.<\/p>\n<p class=\"western\" style=\"text-align: justify;\">En Villa de Arista fue coordinador municipal del magisterio. Busc\u00f3 una candidatura del SNTE en ese sistema, y apenas hab\u00eda entrado en funciones. S<span lang=\"es-MX\">e cas\u00f3 <\/span>con la maestra Norma, de Tamu\u00edn, quien le sobrevive adem\u00e1s de un hijo que se llama igual que \u00e9l.<\/p>\n<p class=\"western\" style=\"text-align: justify;\">Hijo de \u201cChanito\u201d Banda y de Mar\u00eda Guadalupe Ceballos, creci\u00f3 en el centro de La Villa, a donde acud\u00eda con regularidad para visitar a su abuelita Simona, pues sus padres y hermanos se fueron a Texas. Ahora Villa Ju\u00e1rez resiente esta irreparable p\u00e9rdida.<\/p>\n<hr \/>\n<p class=\"western\" style=\"text-align: justify;\"><em>PIE DE FOTO:\u00a0Los Vagoos, gira Veracuz. De izquierda a derecha: Mart\u00edn Izaguirre teclado. Don Pancho, representante. \u201cCheras Mix\u201d, bater\u00eda. Mart\u00edn \u201cColores\u201d (Juan Mart\u00edn Banda Ceballos). Felipe Izaguirre. Chuy R\u00edos voz. Tribi, staff. Benjam\u00edn \u201cCham\u00edn\u201d Hern\u00e1ndez, guitarra.<\/em><\/p>\n","protected":false},"excerpt":{"rendered":"<p>Otro profesor de telesecundaria se suma a las v\u00edctimas durante la pandemia. Se trata de Juan Mart\u00edn Banda Ceballos (1971-2021), Secretario de Trabajo y Conflictos de Telesecundaria CES 2021-2025.<\/p>\n","protected":false},"author":5,"featured_media":14978,"comment_status":"closed","ping_status":"open","sticky":false,"template":"","format":"standard","meta":{"footnotes":""},"categories":[3,486,484,485,4],"tags":[],"class_list":["post-14977","post","type-post","status-publish","format-standard","has-post-thumbnail","hentry","category-cerritos","category-educacion","category-espectaculos","category-sociales","category-villa-juarez","entry","simple"],"_links":{"self":[{"href":"https:\/\/www.plurinominal.com.mx\/index.php?rest_route=\/wp\/v2\/posts\/14977","targetHints":{"allow":["GET"]}}],"collection":[{"href":"https:\/\/www.plurinominal.com.mx\/index.php?rest_route=\/wp\/v2\/posts"}],"about":[{"href":"https:\/\/www.plurinominal.com.mx\/index.php?rest_route=\/wp\/v2\/types\/post"}],"author":[{"embeddable":true,"href":"https:\/\/www.plurinominal.com.mx\/index.php?rest_route=\/wp\/v2\/users\/5"}],"replies":[{"embeddable":true,"href":"https:\/\/www.plurinominal.com.mx\/index.php?rest_route=%2Fwp%2Fv2%2Fcomments&post=14977"}],"version-history":[{"count":2,"href":"https:\/\/www.plurinominal.com.mx\/index.php?rest_route=\/wp\/v2\/posts\/14977\/revisions"}],"predecessor-version":[{"id":14980,"href":"https:\/\/www.plurinominal.com.mx\/index.php?rest_route=\/wp\/v2\/posts\/14977\/revisions\/14980"}],"wp:featuredmedia":[{"embeddable":true,"href":"https:\/\/www.plurinominal.com.mx\/index.php?rest_route=\/wp\/v2\/media\/14978"}],"wp:attachment":[{"href":"https:\/\/www.plurinominal.com.mx\/index.php?rest_route=%2Fwp%2Fv2%2Fmedia&parent=14977"}],"wp:term":[{"taxonomy":"category","embeddable":true,"href":"https:\/\/www.plurinominal.com.mx\/index.php?rest_route=%2Fwp%2Fv2%2Fcategories&post=14977"},{"taxonomy":"post_tag","embeddable":true,"href":"https:\/\/www.plurinominal.com.mx\/index.php?rest_route=%2Fwp%2Fv2%2Ftags&post=14977"}],"curies":[{"name":"wp","href":"https:\/\/api.w.org\/{rel}","templated":true}]}}