{"id":15010,"date":"2022-01-05T23:41:24","date_gmt":"2022-01-06T05:41:24","guid":{"rendered":"https:\/\/www.plurinominal.com.mx\/?p=15010"},"modified":"2022-02-08T23:43:30","modified_gmt":"2022-02-09T05:43:30","slug":"tramo-peligroso-sobre-jesus-carranza","status":"publish","type":"post","link":"https:\/\/www.plurinominal.com.mx\/?p=15010","title":{"rendered":"Tramo peligroso sobre Jes\u00fas Carranza"},"content":{"rendered":"<ul>\n<li class=\"western\" style=\"text-align: justify;\">Son constantes los choques en las esquinas de Morelos y Allende con tal arteria<\/li>\n<\/ul>\n<p class=\"western\" style=\"text-align: justify;\"><strong><span style=\"font-size: 10pt; font-family: 'trebuchet ms', geneva, sans-serif;\">MARCO SERNA.-<\/span>\u00a0<\/strong>En\u00e9simo accidente ocurri\u00f3 en la calle Jes\u00fas Carranza, esquina con Allende, lugar donde seguido hay choques entre veh\u00edculos de motor.<\/p>\n<p class=\"western\" style=\"text-align: justify;\">Ahora los hechos sucedieron el pasado lunes 3 de enero, cerca de las 6:00 pm, donde particip\u00f3 un motociclista y una camioneta.<\/p>\n<p class=\"western\" style=\"text-align: justify;\">Vecinos del sector oyeron el \u201cgolpazo\u201d y alcanzaron a ver c\u00f3mo la unidad de dos ruedas qued\u00f3 debajo de la camioneta. Junto a los veh\u00edculos estaban un casco y una gorra tirados en la calle. De la camioneta se dijo que transportaba juegos mec\u00e1nicos.<\/p>\n<p class=\"western\" style=\"text-align: justify;\">Aunque testigos dijeron que ambos implicados parec\u00edan menores de edad. El de la moto bajaba de lado del cerro, se llamaba Francisco y contaba con 14 a\u00f1os, pero curiosamente el reporte de la polic\u00eda apunt\u00f3 como responsables a Antonio R\u00edos Guti\u00e9rrez de 60 a\u00f1os de edad y a Benjam\u00edn Tob\u00edas Escalante de 44, por eso se cree que los pap\u00e1s llegaron a un convenio para que cada uno pagara sus gastos, tanto de veh\u00edculos como m\u00e9dicos.<\/p>\n<p class=\"western\" style=\"text-align: justify;\">El sector se ha vuelto peligroso. Seguido hay accidentes, y lo mismo sucede en la calle Jes\u00fas Carranza, esquina con Morelos, donde apenas el viernes 31, un veh\u00edculo Jetta rojo impact\u00f3 contra otra moto. El carro lo llevaba una mujer. Los implicados dialogaron sobre la culpa, que al parecer tambi\u00e9n fue mutua por la falta de precauci\u00f3n y el exceso de velocidad.<\/p>\n","protected":false},"excerpt":{"rendered":"<p>En\u00e9simo accidente ocurri\u00f3 en la calle Jes\u00fas Carranza, esquina con Allende, lugar donde seguido hay choques entre veh\u00edculos de motor.<\/p>\n","protected":false},"author":5,"featured_media":15011,"comment_status":"closed","ping_status":"open","sticky":false,"template":"","format":"standard","meta":{"footnotes":""},"categories":[3,483,486,465,485],"tags":[],"class_list":["post-15010","post","type-post","status-publish","format-standard","has-post-thumbnail","hentry","category-cerritos","category-cultura","category-educacion","category-policia-2","category-sociales","entry","simple"],"_links":{"self":[{"href":"https:\/\/www.plurinominal.com.mx\/index.php?rest_route=\/wp\/v2\/posts\/15010","targetHints":{"allow":["GET"]}}],"collection":[{"href":"https:\/\/www.plurinominal.com.mx\/index.php?rest_route=\/wp\/v2\/posts"}],"about":[{"href":"https:\/\/www.plurinominal.com.mx\/index.php?rest_route=\/wp\/v2\/types\/post"}],"author":[{"embeddable":true,"href":"https:\/\/www.plurinominal.com.mx\/index.php?rest_route=\/wp\/v2\/users\/5"}],"replies":[{"embeddable":true,"href":"https:\/\/www.plurinominal.com.mx\/index.php?rest_route=%2Fwp%2Fv2%2Fcomments&post=15010"}],"version-history":[{"count":1,"href":"https:\/\/www.plurinominal.com.mx\/index.php?rest_route=\/wp\/v2\/posts\/15010\/revisions"}],"predecessor-version":[{"id":15012,"href":"https:\/\/www.plurinominal.com.mx\/index.php?rest_route=\/wp\/v2\/posts\/15010\/revisions\/15012"}],"wp:featuredmedia":[{"embeddable":true,"href":"https:\/\/www.plurinominal.com.mx\/index.php?rest_route=\/wp\/v2\/media\/15011"}],"wp:attachment":[{"href":"https:\/\/www.plurinominal.com.mx\/index.php?rest_route=%2Fwp%2Fv2%2Fmedia&parent=15010"}],"wp:term":[{"taxonomy":"category","embeddable":true,"href":"https:\/\/www.plurinominal.com.mx\/index.php?rest_route=%2Fwp%2Fv2%2Fcategories&post=15010"},{"taxonomy":"post_tag","embeddable":true,"href":"https:\/\/www.plurinominal.com.mx\/index.php?rest_route=%2Fwp%2Fv2%2Ftags&post=15010"}],"curies":[{"name":"wp","href":"https:\/\/api.w.org\/{rel}","templated":true}]}}