{"id":15031,"date":"2022-01-10T18:24:56","date_gmt":"2022-01-11T00:24:56","guid":{"rendered":"https:\/\/www.plurinominal.com.mx\/?p=15031"},"modified":"2022-02-14T18:27:30","modified_gmt":"2022-02-15T00:27:30","slug":"cobran-de-mas-en-aurrera","status":"publish","type":"post","link":"https:\/\/www.plurinominal.com.mx\/?p=15031","title":{"rendered":"Hacen chapuzas en Aurrer\u00e1"},"content":{"rendered":"<ul>\n<li class=\"western\">Precios de exhibici\u00f3n no se respetan en caja registradora<\/li>\n<\/ul>\n<p class=\"western\" style=\"text-align: justify;\"><strong><span style=\"font-size: 10pt; font-family: 'trebuchet ms', geneva, sans-serif;\">MARCO SERNA.-<\/span>\u00a0<\/strong>Cliente de Mi Bodega Aurrer\u00e1, est\u00e1 indignado porque los precios que est\u00e1n a la vista del p\u00fablico con relaci\u00f3n a algunos productos, no corresponden a lo que se cobra en caja.<\/p>\n<p class=\"western\" style=\"text-align: justify;\">Dijo que llev\u00f3 una lata de duraznos en alm\u00edbar alentado por el precio de anaquel, pero al llegar a caja, la registradora arroj\u00f3 un importe mayor.<\/p>\n<p class=\"western\" style=\"text-align: justify;\">\u201cMe cobraron de m\u00e1s, y aunque reclam\u00e9 el supervisor me dijo que el precio correcto es el que arroja la m\u00e1quina. Acept\u00e9 el error, pues la diferencia del precio no era mucha, pero les ped\u00ed que tuvieran cuidado, porque nosotros como clientes pensamos en un precio y al final nos cobran de m\u00e1s. El supervisor dijo que s\u00ed cambiar\u00edan el precio de anaquel de los duraznos, pero cual fue mi sorpresa que despu\u00e9s regres\u00e9 a la tienda y todo segu\u00eda igual\u201d.<\/p>\n<p class=\"western\" style=\"text-align: justify;\">El cliente dijo que son muchas personas las que \u201cse van con la finta\u201d. Piensan en el precio de exhibici\u00f3n, y al final acaban pagando m\u00e1s y a veces ellos ni cuenta se dan debido a la gran lista de productos que surten.<\/p>\n","protected":false},"excerpt":{"rendered":"<p>\u00a0Cliente de Mi Bodega Aurrer\u00e1, est\u00e1 indignado porque los precios que est\u00e1n a la vista del p\u00fablico con relaci\u00f3n a algunos productos, no corresponden a lo que se cobra en caja.<\/p>\n","protected":false},"author":5,"featured_media":15032,"comment_status":"closed","ping_status":"open","sticky":false,"template":"","format":"standard","meta":{"footnotes":""},"categories":[3,486,485],"tags":[],"class_list":["post-15031","post","type-post","status-publish","format-standard","has-post-thumbnail","hentry","category-cerritos","category-educacion","category-sociales","entry","simple"],"_links":{"self":[{"href":"https:\/\/www.plurinominal.com.mx\/index.php?rest_route=\/wp\/v2\/posts\/15031","targetHints":{"allow":["GET"]}}],"collection":[{"href":"https:\/\/www.plurinominal.com.mx\/index.php?rest_route=\/wp\/v2\/posts"}],"about":[{"href":"https:\/\/www.plurinominal.com.mx\/index.php?rest_route=\/wp\/v2\/types\/post"}],"author":[{"embeddable":true,"href":"https:\/\/www.plurinominal.com.mx\/index.php?rest_route=\/wp\/v2\/users\/5"}],"replies":[{"embeddable":true,"href":"https:\/\/www.plurinominal.com.mx\/index.php?rest_route=%2Fwp%2Fv2%2Fcomments&post=15031"}],"version-history":[{"count":2,"href":"https:\/\/www.plurinominal.com.mx\/index.php?rest_route=\/wp\/v2\/posts\/15031\/revisions"}],"predecessor-version":[{"id":15034,"href":"https:\/\/www.plurinominal.com.mx\/index.php?rest_route=\/wp\/v2\/posts\/15031\/revisions\/15034"}],"wp:featuredmedia":[{"embeddable":true,"href":"https:\/\/www.plurinominal.com.mx\/index.php?rest_route=\/wp\/v2\/media\/15032"}],"wp:attachment":[{"href":"https:\/\/www.plurinominal.com.mx\/index.php?rest_route=%2Fwp%2Fv2%2Fmedia&parent=15031"}],"wp:term":[{"taxonomy":"category","embeddable":true,"href":"https:\/\/www.plurinominal.com.mx\/index.php?rest_route=%2Fwp%2Fv2%2Fcategories&post=15031"},{"taxonomy":"post_tag","embeddable":true,"href":"https:\/\/www.plurinominal.com.mx\/index.php?rest_route=%2Fwp%2Fv2%2Ftags&post=15031"}],"curies":[{"name":"wp","href":"https:\/\/api.w.org\/{rel}","templated":true}]}}