{"id":1510,"date":"2012-01-26T16:26:27","date_gmt":"2012-01-26T22:26:27","guid":{"rendered":"http:\/\/www.plurinominal.com.mx\/?p=1510"},"modified":"2012-01-26T16:26:27","modified_gmt":"2012-01-26T22:26:27","slug":"esperare-los-tiempos-que-marca-el-partido-quintero-luevano","status":"publish","type":"post","link":"https:\/\/www.plurinominal.com.mx\/?p=1510","title":{"rendered":"Esperar\u00e9 los tiempos que marca el Partido: Quintero Lu\u00e9vano"},"content":{"rendered":"<p>Marco Serna<br \/>\nRespecto a la ola de comentarios que se han desatado en cuanto a su persona, en entrevista para este medio, el Profesor Jorge Luis Quintero Lu\u00e9vano declar\u00f3 que espera la convocatoria que emita el Partido Revolucionario Institucional en los pr\u00f3ximos d\u00edas para decidir si participa en la pr\u00f3xima contienda electoral.<br \/>\nAl cuestionarle que se le menciona como un fuerte aspirante de unidad por parte del PRI, declara que varios sectores y organizaciones entre las que se encuentran La Organizaci\u00f3n de mujeres que preside la Lic. Leticia V\u00e1zquez, el Frente Juvenil, el Movimiento Territorial, entre otras;  le han hecho pl\u00e1ticas informales para sea el que los represente en la elecci\u00f3n del 01 de Julio pr\u00f3ximo. (art\u00edculo completo en la edici\u00f3n impresa).<\/p>\n","protected":false},"excerpt":{"rendered":"<p>Marco Serna Respecto a la ola de comentarios que se han desatado en cuanto a su persona, en entrevista para este medio, el Profesor Jorge Luis Quintero Lu\u00e9vano declar\u00f3 que&#8230;<\/p>\n","protected":false},"author":1,"featured_media":1511,"comment_status":"closed","ping_status":"open","sticky":false,"template":"","format":"standard","meta":{"footnotes":""},"categories":[3],"tags":[],"class_list":["post-1510","post","type-post","status-publish","format-standard","has-post-thumbnail","hentry","category-cerritos","entry","simple"],"_links":{"self":[{"href":"https:\/\/www.plurinominal.com.mx\/index.php?rest_route=\/wp\/v2\/posts\/1510","targetHints":{"allow":["GET"]}}],"collection":[{"href":"https:\/\/www.plurinominal.com.mx\/index.php?rest_route=\/wp\/v2\/posts"}],"about":[{"href":"https:\/\/www.plurinominal.com.mx\/index.php?rest_route=\/wp\/v2\/types\/post"}],"author":[{"embeddable":true,"href":"https:\/\/www.plurinominal.com.mx\/index.php?rest_route=\/wp\/v2\/users\/1"}],"replies":[{"embeddable":true,"href":"https:\/\/www.plurinominal.com.mx\/index.php?rest_route=%2Fwp%2Fv2%2Fcomments&post=1510"}],"version-history":[{"count":0,"href":"https:\/\/www.plurinominal.com.mx\/index.php?rest_route=\/wp\/v2\/posts\/1510\/revisions"}],"wp:featuredmedia":[{"embeddable":true,"href":"https:\/\/www.plurinominal.com.mx\/index.php?rest_route=\/wp\/v2\/media\/1511"}],"wp:attachment":[{"href":"https:\/\/www.plurinominal.com.mx\/index.php?rest_route=%2Fwp%2Fv2%2Fmedia&parent=1510"}],"wp:term":[{"taxonomy":"category","embeddable":true,"href":"https:\/\/www.plurinominal.com.mx\/index.php?rest_route=%2Fwp%2Fv2%2Fcategories&post=1510"},{"taxonomy":"post_tag","embeddable":true,"href":"https:\/\/www.plurinominal.com.mx\/index.php?rest_route=%2Fwp%2Fv2%2Ftags&post=1510"}],"curies":[{"name":"wp","href":"https:\/\/api.w.org\/{rel}","templated":true}]}}