{"id":15103,"date":"2022-01-27T10:21:38","date_gmt":"2022-01-27T16:21:38","guid":{"rendered":"https:\/\/www.plurinominal.com.mx\/?p=15103"},"modified":"2022-03-22T10:24:32","modified_gmt":"2022-03-22T16:24:32","slug":"deudos-deben-limpiar-tumbas-de-sus-difuntos","status":"publish","type":"post","link":"https:\/\/www.plurinominal.com.mx\/?p=15103","title":{"rendered":"Deudos deben limpiar tumbas de sus difuntos"},"content":{"rendered":"<ul>\n<li class=\"western\">\u201cPor respeto\u201d el municipio teme tomar iniciativa<\/li>\n<\/ul>\n<p class=\"western\"><span style=\"font-size: 10pt; font-family: 'trebuchet ms', geneva, sans-serif;\"><strong>REDACCI\u00d3N<\/strong><\/span><\/p>\n<p class=\"western\" style=\"text-align: justify;\">La Administraci\u00f3n Municipal 2021-2024, encabezada por la ciudadana Lisa Abigail Izaguirre Rico, a trav\u00e9s del Personal de Obras P\u00fablicas, se encuentra realizando trabajos de mantenimiento en el pante\u00f3n municipal.<\/p>\n<p class=\"western\" style=\"text-align: justify;\">\u201cTenemos el objetivo de mejorar la imagen de nuestro municipio, y para lograrlo es muy importante el mantenimiento y limpieza de los lugares p\u00fablicos\u201d. As\u00ed se indica en un comunicado. \u201cSabemos que nuestra obligaci\u00f3n como gobierno municipal es mantener nuestros espacios p\u00fablicos limpios y en buen funcionamiento, pero conservarlos es tarea de todos\u201d, agrega.<\/p>\n<p class=\"western\" style=\"text-align: justify;\">\u201cAsimismo exhortamos a los deudos a que acudan al pante\u00f3n municipal a realizar la limpieza de la tumba, ya que tienen coronas que ya terminaron su ciclo y por respeto no podemos tomar la iniciativa, actuemos con responsabilidad y trabajemos juntos por nuestro hermoso municipio\u201d, finaliza.<\/p>\n","protected":false},"excerpt":{"rendered":"<p>\u201cAsimismo exhortamos a los deudos a que acudan al pante\u00f3n municipal a realizar la limpieza de la tumba, ya que tienen coronas que ya terminaron su ciclo y por respeto no podemos tomar la iniciativa, actuemos con responsabilidad y trabajemos juntos por nuestro hermoso municipio\u201d, indic\u00f3 el ayuntamiento.<\/p>\n","protected":false},"author":5,"featured_media":15104,"comment_status":"closed","ping_status":"open","sticky":false,"template":"","format":"standard","meta":{"footnotes":""},"categories":[483,486,485,4],"tags":[],"class_list":["post-15103","post","type-post","status-publish","format-standard","has-post-thumbnail","hentry","category-cultura","category-educacion","category-sociales","category-villa-juarez","entry","simple"],"_links":{"self":[{"href":"https:\/\/www.plurinominal.com.mx\/index.php?rest_route=\/wp\/v2\/posts\/15103","targetHints":{"allow":["GET"]}}],"collection":[{"href":"https:\/\/www.plurinominal.com.mx\/index.php?rest_route=\/wp\/v2\/posts"}],"about":[{"href":"https:\/\/www.plurinominal.com.mx\/index.php?rest_route=\/wp\/v2\/types\/post"}],"author":[{"embeddable":true,"href":"https:\/\/www.plurinominal.com.mx\/index.php?rest_route=\/wp\/v2\/users\/5"}],"replies":[{"embeddable":true,"href":"https:\/\/www.plurinominal.com.mx\/index.php?rest_route=%2Fwp%2Fv2%2Fcomments&post=15103"}],"version-history":[{"count":1,"href":"https:\/\/www.plurinominal.com.mx\/index.php?rest_route=\/wp\/v2\/posts\/15103\/revisions"}],"predecessor-version":[{"id":15105,"href":"https:\/\/www.plurinominal.com.mx\/index.php?rest_route=\/wp\/v2\/posts\/15103\/revisions\/15105"}],"wp:featuredmedia":[{"embeddable":true,"href":"https:\/\/www.plurinominal.com.mx\/index.php?rest_route=\/wp\/v2\/media\/15104"}],"wp:attachment":[{"href":"https:\/\/www.plurinominal.com.mx\/index.php?rest_route=%2Fwp%2Fv2%2Fmedia&parent=15103"}],"wp:term":[{"taxonomy":"category","embeddable":true,"href":"https:\/\/www.plurinominal.com.mx\/index.php?rest_route=%2Fwp%2Fv2%2Fcategories&post=15103"},{"taxonomy":"post_tag","embeddable":true,"href":"https:\/\/www.plurinominal.com.mx\/index.php?rest_route=%2Fwp%2Fv2%2Ftags&post=15103"}],"curies":[{"name":"wp","href":"https:\/\/api.w.org\/{rel}","templated":true}]}}