{"id":15156,"date":"2022-02-13T10:48:41","date_gmt":"2022-02-13T16:48:41","guid":{"rendered":"https:\/\/www.plurinominal.com.mx\/?p=15156"},"modified":"2022-05-10T10:51:21","modified_gmt":"2022-05-10T15:51:21","slug":"cerritos-de-pueblo-a-ciudad","status":"publish","type":"post","link":"https:\/\/www.plurinominal.com.mx\/?p=15156","title":{"rendered":"Cerritos, de pueblo a ciudad"},"content":{"rendered":"<ul>\n<li class=\"western\" style=\"text-align: justify;\">Modifican informaci\u00f3n de Wikipedia, aunque la galer\u00eda todav\u00eda describe la entrada principal con los arcos que ya no existen<\/li>\n<\/ul>\n<p class=\"western\" style=\"text-align: justify;\"><span style=\"font-size: 10pt; font-family: 'trebuchet ms', geneva, sans-serif;\"><strong>MARCO SERNA.-\u00a0<\/strong><\/span>Cerritos empez\u00f3 a recibir inmigrantes antes del siglo XVII, cuando a\u00fan pertenec\u00eda al municipio de Guadalc\u00e1zar. As\u00ed lo explica el apartado hist\u00f3rico de Wikipedia correspondiente a este lugar, mismo que seguido est\u00e1 siendo modificado por colaboradores de tal espacio, que al parecer son oriundos de la comuna.<\/p>\n<p class=\"western\" style=\"text-align: justify;\">El art\u00edculo sufri\u00f3 modificaciones, pues gracias a nota de este medio se pudo saber que hasta el 23 de abril de 2021, Wikipedia dec\u00eda que este municipio no era una ciudad, sino \u00abun pueblo\u00bb, a pesar que de manera oficial se hab\u00eda realizado tal declaraci\u00f3n desde el a\u00f1o 2018.<\/p>\n<p class=\"western\" style=\"text-align: justify;\">\u201cOficialmente Cerritos se convirti\u00f3 en la d\u00e9cima ciudad de la entidad\u201d al ser incluida en el Sistema Urbano Nacional del Consejo Nacional de Poblaci\u00f3n, documento que incluye a las 401 poblaciones del pa\u00eds que alcanzan esa categor\u00eda.<\/p>\n<p class=\"western\" style=\"text-align: justify;\">Ahora se aprecia que a Cerritos ya no se le llama pueblo, sino que gracias a la modificaci\u00f3n de usuarios, Wikipedia los describe en sus primeras l\u00edneas de este modo, \u201cCerritos, fundado con el nombre de San Juan de los Cerritos es una ciudad localizada en la zona central del estado mexicano de San Luis Potos\u00ed, M\u00e9xico\u201d.<\/p>\n<p class=\"western\" style=\"text-align: justify;\">Este lugar fue cabecera municipal del territorio del actual municipio de Villa Ju\u00e1rez que en ese tiempo se llam\u00f3 Villa De La Carbonera o tambi\u00e9n se conoci\u00f3 como La Carbonera.<\/p>\n<p class=\"western\" style=\"text-align: justify;\">Esta ciudad ha ido creciendo. De acuerdo a la informaci\u00f3n relacionada con medios de comunicaci\u00f3n y transporte, Cerritos cuenta con una l\u00ednea local de autobuses de pasajeros con destinos dentro del estado denominada Autobuses Cerritenses. El municipio tiene una oficina de correos. Cuenta con un canal de televisi\u00f3n local llamado Canal 2; que transmite mediante televisi\u00f3n por cable canales de televisi\u00f3n abierta de manera radiodifundida y adem\u00e1s se difunde un peri\u00f3dico llamado \u00abPlurinominal\u00bb.<\/p>\n<p class=\"western\" style=\"text-align: justify;\">En telefon\u00eda en el pueblo se encuentran instaladas una antena de tel\u00e9fonos de Telcel y otra de Movistar M\u00e9xico. Adem\u00e1s cuenta con dos estaciones de radio, La Cerritense Radio y Cerritos Digital. En cuanto a medios de transporte en el pueblo se encuentran taxis, dos centrales de autobuses y varias oficinas de autobuses extranjeros. Posee una estaci\u00f3n ferroviaria que hasta antes de 1970, embarc\u00f3 grandes cantidades de ganado y mineral de azufre. Hasta los primeros a\u00f1os de la d\u00e9cada de los 80 el ferrocarril transport\u00f3 pasajeros entre el puerto de Tampico y la ciudad capital del estado, San Luis Potos\u00ed.<\/p>\n<p class=\"western\" style=\"text-align: justify;\">Una cosa que no se ha modificado es la fotograf\u00eda de entrada, pues en la galer\u00eda de Wikipedia se presentan todav\u00eda los arcos, estructura que fue derribada como parte de la construcci\u00f3n del bulevar que estuvo a cargo del gobierno de la ex alcaldesa Dulce Mar\u00eda Montes Z\u00fa\u00f1iga.<\/p>\n","protected":false},"excerpt":{"rendered":"<p>\u00a0Cerritos empez\u00f3 a recibir inmigrantes antes del siglo XVII, cuando a\u00fan pertenec\u00eda al municipio de Guadalc\u00e1zar. As\u00ed lo explica el apartado hist\u00f3rico de Wikipedia correspondiente a este lugar, mismo que seguido est\u00e1 siendo modificado por colaboradores de tal espacio, que al parecer son oriundos de la comuna.<\/p>\n","protected":false},"author":5,"featured_media":15157,"comment_status":"closed","ping_status":"open","sticky":false,"template":"","format":"standard","meta":{"footnotes":""},"categories":[3,483,486,485],"tags":[],"class_list":["post-15156","post","type-post","status-publish","format-standard","has-post-thumbnail","hentry","category-cerritos","category-cultura","category-educacion","category-sociales","entry","simple"],"_links":{"self":[{"href":"https:\/\/www.plurinominal.com.mx\/index.php?rest_route=\/wp\/v2\/posts\/15156","targetHints":{"allow":["GET"]}}],"collection":[{"href":"https:\/\/www.plurinominal.com.mx\/index.php?rest_route=\/wp\/v2\/posts"}],"about":[{"href":"https:\/\/www.plurinominal.com.mx\/index.php?rest_route=\/wp\/v2\/types\/post"}],"author":[{"embeddable":true,"href":"https:\/\/www.plurinominal.com.mx\/index.php?rest_route=\/wp\/v2\/users\/5"}],"replies":[{"embeddable":true,"href":"https:\/\/www.plurinominal.com.mx\/index.php?rest_route=%2Fwp%2Fv2%2Fcomments&post=15156"}],"version-history":[{"count":1,"href":"https:\/\/www.plurinominal.com.mx\/index.php?rest_route=\/wp\/v2\/posts\/15156\/revisions"}],"predecessor-version":[{"id":15158,"href":"https:\/\/www.plurinominal.com.mx\/index.php?rest_route=\/wp\/v2\/posts\/15156\/revisions\/15158"}],"wp:featuredmedia":[{"embeddable":true,"href":"https:\/\/www.plurinominal.com.mx\/index.php?rest_route=\/wp\/v2\/media\/15157"}],"wp:attachment":[{"href":"https:\/\/www.plurinominal.com.mx\/index.php?rest_route=%2Fwp%2Fv2%2Fmedia&parent=15156"}],"wp:term":[{"taxonomy":"category","embeddable":true,"href":"https:\/\/www.plurinominal.com.mx\/index.php?rest_route=%2Fwp%2Fv2%2Fcategories&post=15156"},{"taxonomy":"post_tag","embeddable":true,"href":"https:\/\/www.plurinominal.com.mx\/index.php?rest_route=%2Fwp%2Fv2%2Ftags&post=15156"}],"curies":[{"name":"wp","href":"https:\/\/api.w.org\/{rel}","templated":true}]}}