{"id":15162,"date":"2022-02-14T10:59:12","date_gmt":"2022-02-14T16:59:12","guid":{"rendered":"https:\/\/www.plurinominal.com.mx\/?p=15162"},"modified":"2022-05-10T11:01:00","modified_gmt":"2022-05-10T16:01:00","slug":"cerritos-tiene-arbol-del-amor-y-la-amistad","status":"publish","type":"post","link":"https:\/\/www.plurinominal.com.mx\/?p=15162","title":{"rendered":"Cerritos tiene \u00e1rbol \u201cdel amor y la amistad\u201d"},"content":{"rendered":"<ul>\n<li class=\"western\" style=\"text-align: justify;\">Fue plantado el 14 de febrero de 1986<\/li>\n<\/ul>\n<p class=\"western\" style=\"text-align: justify;\"><span style=\"font-size: 10pt; font-family: 'trebuchet ms', geneva, sans-serif;\"><strong>MARCO SERNA.-\u00a0<\/strong><\/span>Cerritos tiene en la plaza principal, un \u00e1rbol \u201cdel amor y la amistad de este pueblo\u201d.<\/p>\n<p class=\"western\" style=\"text-align: justify;\">As\u00ed lo indica una leyenda sobre concreto, misma que se ubica junto al \u00e1rbol, en la que muy pocos ponen atenci\u00f3n.<\/p>\n<p class=\"western\" style=\"text-align: justify;\">Fue gracias a una publicaci\u00f3n del Honorable Ayuntamiento que se dio a conocer esta especie que forma parte de nuestro patrimonio.<\/p>\n<p class=\"western\" style=\"text-align: justify;\">El \u00e1rbol que fue plantado un 14 de febrero de 1986, fue adornado por el municipio este 2022. Sobre \u00e9l cuelgan corazones, luces y otros arreglos y la base est\u00e1 pintada de blanco con cal, a fin de evitar plagas.<\/p>\n<p class=\"western\" style=\"text-align: justify;\">Una persona de nombre Mario Alberto Guerrero, dijo \u201cese \u00e1rbol yo lo plant\u00e9 junto con otras amigas. Me acuerdo que en ese entonces el profesor Jos\u00e9 Luis Galv\u00e1n Mart\u00ednez era oficial del Registro Civil. Yo estaba en primer grado grupo E de la escuela Secundaria Manuel Jos\u00e9 Oth\u00f3n y nos invitaron a plantar ese pino que ten\u00edan en la secundaria\u201d.<\/p>\n<p class=\"western\" style=\"text-align: justify;\">En la monograf\u00eda municipal se indica que J. Encarnaci\u00f3n Torres gobern\u00f3 Cerritos de 1986 a 1988. Anteriormente el alcalde fue Salvador Guzm\u00e1n y posteriormente el comerciante J. Jes\u00fas Almaz\u00e1n Banda.<\/p>\n","protected":false},"excerpt":{"rendered":"<p>Cerritos tiene en la plaza principal, un \u00e1rbol \u201cdel amor y la amistad de este pueblo\u201d.<\/p>\n","protected":false},"author":5,"featured_media":15163,"comment_status":"closed","ping_status":"open","sticky":false,"template":"","format":"standard","meta":{"footnotes":""},"categories":[3,483,486,485],"tags":[],"class_list":["post-15162","post","type-post","status-publish","format-standard","has-post-thumbnail","hentry","category-cerritos","category-cultura","category-educacion","category-sociales","entry","simple"],"_links":{"self":[{"href":"https:\/\/www.plurinominal.com.mx\/index.php?rest_route=\/wp\/v2\/posts\/15162","targetHints":{"allow":["GET"]}}],"collection":[{"href":"https:\/\/www.plurinominal.com.mx\/index.php?rest_route=\/wp\/v2\/posts"}],"about":[{"href":"https:\/\/www.plurinominal.com.mx\/index.php?rest_route=\/wp\/v2\/types\/post"}],"author":[{"embeddable":true,"href":"https:\/\/www.plurinominal.com.mx\/index.php?rest_route=\/wp\/v2\/users\/5"}],"replies":[{"embeddable":true,"href":"https:\/\/www.plurinominal.com.mx\/index.php?rest_route=%2Fwp%2Fv2%2Fcomments&post=15162"}],"version-history":[{"count":1,"href":"https:\/\/www.plurinominal.com.mx\/index.php?rest_route=\/wp\/v2\/posts\/15162\/revisions"}],"predecessor-version":[{"id":15164,"href":"https:\/\/www.plurinominal.com.mx\/index.php?rest_route=\/wp\/v2\/posts\/15162\/revisions\/15164"}],"wp:featuredmedia":[{"embeddable":true,"href":"https:\/\/www.plurinominal.com.mx\/index.php?rest_route=\/wp\/v2\/media\/15163"}],"wp:attachment":[{"href":"https:\/\/www.plurinominal.com.mx\/index.php?rest_route=%2Fwp%2Fv2%2Fmedia&parent=15162"}],"wp:term":[{"taxonomy":"category","embeddable":true,"href":"https:\/\/www.plurinominal.com.mx\/index.php?rest_route=%2Fwp%2Fv2%2Fcategories&post=15162"},{"taxonomy":"post_tag","embeddable":true,"href":"https:\/\/www.plurinominal.com.mx\/index.php?rest_route=%2Fwp%2Fv2%2Ftags&post=15162"}],"curies":[{"name":"wp","href":"https:\/\/api.w.org\/{rel}","templated":true}]}}