{"id":15178,"date":"2022-02-19T00:34:00","date_gmt":"2022-02-19T06:34:00","guid":{"rendered":"https:\/\/www.plurinominal.com.mx\/?p=15178"},"modified":"2022-05-18T00:37:19","modified_gmt":"2022-05-18T05:37:19","slug":"ciudadanos-pueden-acercarse-a-sus-regidores","status":"publish","type":"post","link":"https:\/\/www.plurinominal.com.mx\/?p=15178","title":{"rendered":"Ciudadanos pueden acercarse a sus regidores"},"content":{"rendered":"<ul>\n<li class=\"western\" style=\"text-align: justify;\">Cada uno cuenta con comisiones espec\u00edficas dentro de cabildo<\/li>\n<\/ul>\n<p class=\"western\" style=\"text-align: justify;\"><strong><span style=\"font-size: 10pt; font-family: 'trebuchet ms', geneva, sans-serif;\">MARCO SERNA.-\u00a0<\/span><\/strong>Los regidores son las personas encargadas de presentar propuestas para modificar o eliminar reglamentos municipales, forman parte de un cabildo, presiden Comisiones o forman parte como vocal seg\u00fan sean designados.<\/p>\n<p class=\"western\" style=\"text-align: justify;\">Es por ello que en este reporte damos a conocer el nombre y comisiones de quienes conforman el cabildo, a fin de que la gente que requiera exponer propuestas o inquietudes, se acerque a ellos.<\/p>\n<p class=\"western\" style=\"text-align: justify;\">A la presidente municipal, Ma. Leticia V\u00e1zquez Hern\u00e1ndez le corresponde la Comisi\u00f3n de Derechos Humanos y Participaci\u00f3n Ciudadana; Comisi\u00f3n de Desarrollo Rural y Asuntos Ind\u00edgenas y la Comisi\u00f3n de Gobernaci\u00f3n.<\/p>\n<p class=\"western\" style=\"text-align: justify;\">La S\u00edndico Municipal Lic. Ana\u00eds Mart\u00ednez Ovalle tiene a su cargo la Comisi\u00f3n de Agua Potable, Alcantarillado y Saneamiento; Comisi\u00f3n de Derechos Humanos y Participaci\u00f3n Ciudadana; Comisi\u00f3n de Desarrollo Rural y Asuntos Ind\u00edgenas; Comisi\u00f3n de Ecolog\u00eda; Comisi\u00f3n de Gobernaci\u00f3n y Comisi\u00f3n de Polic\u00eda Preventiva, Vialidad y Transporte.<\/p>\n<p class=\"western\" style=\"text-align: justify;\">El Lic. Jos\u00e9 Guadalupe Guti\u00e9rrez Medell\u00edn; primer regidor tiene a su cargo la Comisi\u00f3n de Comercios, Anuncios y Espect\u00e1culos; Comisi\u00f3n de Ecolog\u00eda; Comisi\u00f3n de Gobernaci\u00f3n y Comisi\u00f3n de Transparencia y Acceso a la Informaci\u00f3n.<\/p>\n<p class=\"western\" style=\"text-align: justify;\">A la Segunda Regidora, Lic. Ruth Liliana Castillo Montelongo le corresponde la Comisi\u00f3n de Agua Potable Alcantarillado y Saneamiento; Comisi\u00f3n de Desarrollo y Equipamiento Urbano; Comisi\u00f3n de Educaci\u00f3n P\u00fablica y Bibliotecas; Comisi\u00f3n de Hacienda Municipal; Comisi\u00f3n de Salud P\u00fablica, Asistencia Social y Grupos Vulnerables; Comisi\u00f3n de Servicios y la Comisi\u00f3n de Transparencia y Acceso a la Informaci\u00f3n.<\/p>\n<p class=\"western\" style=\"text-align: justify;\">Tercer Regidor, Ing. Arturo S\u00e1nchez L\u00f3pez. A \u00e9l le corresponden las siguientes Comisiones: Comisi\u00f3n de Agua Potable Alcantarillado y Saneamiento; Comisi\u00f3n de Alumbrado y Obras P\u00fablicas; Comisi\u00f3n de Comercios, Anuncios y Espect\u00e1culos; Comisi\u00f3n de Cultura, Recreaci\u00f3n, Deporte y Juventud; Comisi\u00f3n de Desarrollo Rural y Asuntos Ind\u00edgenas; Comisi\u00f3n de Desarrollo y Equipamiento Urbano; Comisi\u00f3n de Mercados, Centro de Abasto y Rastro; Comisi\u00f3n de Polic\u00eda Preventiva, Vialidad y Transporte; Comisi\u00f3n de Salud P\u00fablica, Asistencia Social y Grupos Vulnerables y la Comisi\u00f3n de Vigilancia.<\/p>\n<p class=\"western\" style=\"text-align: justify;\">Cuarto Regidor, Profesor V\u00edctor Gregorio Alvarado Hern\u00e1ndez. Comisi\u00f3n de Alumbrado y Obras P\u00fablicas; Comisi\u00f3n de Cultura, Recreaci\u00f3n, Deporte y Juventud; Comisi\u00f3n de Derechos Humanos y Participaci\u00f3n Ciudadana; Comisi\u00f3n de Educaci\u00f3n P\u00fablica y Bibliotecas; Comisi\u00f3n de Hacienda Municipal; Comisi\u00f3n de Servicios y Comisi\u00f3n de Vigilancia.<\/p>\n<p class=\"western\" style=\"text-align: justify;\">Quinto Regidor, Lic. Luis Omar Zapata Gonz\u00e1lez. Comisi\u00f3n de Alumbrado y Obras P\u00fablicas; Comisi\u00f3n de Ecolog\u00eda; Comisi\u00f3n de Educaci\u00f3n P\u00fablica y Bibliotecas, Comisi\u00f3n de Servicios y Comisi\u00f3n de Transparencia y Acceso a la Informaci\u00f3n.<\/p>\n<p class=\"western\" style=\"text-align: justify;\">Sexto Regidor, Leticia R\u00edos Mart\u00ednez. Comisi\u00f3n de Comercios, Anuncios y Espect\u00e1culos; Comisi\u00f3n Desarrollo y Equipamiento Urbano; Comisi\u00f3n de Mercados, Centro de Abasto y Rastro; Comisi\u00f3n de Polic\u00eda Preventiva, Vialidad y Transporte; Comisi\u00f3n de Salud P\u00fablica, Asistencia Social y Grupos Vulnerables y la Comisi\u00f3n de Vigilancia.<\/p>\n<p class=\"western\" style=\"text-align: justify;\">Con esta informaci\u00f3n la gente puede conocer la tarea de sus representantes en cabildo, y acercase a ellos.<\/p>\n<p class=\"western\" style=\"text-align: justify;\">Se explic\u00f3 que cada comisi\u00f3n est\u00e1 formada por 3 personas, con su respectivo presidente, secretario y vocal, de ah\u00ed que sus nombres aparezcan en los asuntos en los que tienen mayor injerencia.<\/p>\n","protected":false},"excerpt":{"rendered":"<p>Los regidores son las personas encargadas de presentar propuestas para modificar o eliminar reglamentos municipales, forman parte de un cabildo, presiden Comisiones o forman parte como vocal seg\u00fan sean designados.<\/p>\n","protected":false},"author":5,"featured_media":15179,"comment_status":"closed","ping_status":"open","sticky":false,"template":"","format":"standard","meta":{"footnotes":""},"categories":[3,483,486,463,485],"tags":[],"class_list":["post-15178","post","type-post","status-publish","format-standard","has-post-thumbnail","hentry","category-cerritos","category-cultura","category-educacion","category-politica","category-sociales","entry","simple"],"_links":{"self":[{"href":"https:\/\/www.plurinominal.com.mx\/index.php?rest_route=\/wp\/v2\/posts\/15178","targetHints":{"allow":["GET"]}}],"collection":[{"href":"https:\/\/www.plurinominal.com.mx\/index.php?rest_route=\/wp\/v2\/posts"}],"about":[{"href":"https:\/\/www.plurinominal.com.mx\/index.php?rest_route=\/wp\/v2\/types\/post"}],"author":[{"embeddable":true,"href":"https:\/\/www.plurinominal.com.mx\/index.php?rest_route=\/wp\/v2\/users\/5"}],"replies":[{"embeddable":true,"href":"https:\/\/www.plurinominal.com.mx\/index.php?rest_route=%2Fwp%2Fv2%2Fcomments&post=15178"}],"version-history":[{"count":1,"href":"https:\/\/www.plurinominal.com.mx\/index.php?rest_route=\/wp\/v2\/posts\/15178\/revisions"}],"predecessor-version":[{"id":15180,"href":"https:\/\/www.plurinominal.com.mx\/index.php?rest_route=\/wp\/v2\/posts\/15178\/revisions\/15180"}],"wp:featuredmedia":[{"embeddable":true,"href":"https:\/\/www.plurinominal.com.mx\/index.php?rest_route=\/wp\/v2\/media\/15179"}],"wp:attachment":[{"href":"https:\/\/www.plurinominal.com.mx\/index.php?rest_route=%2Fwp%2Fv2%2Fmedia&parent=15178"}],"wp:term":[{"taxonomy":"category","embeddable":true,"href":"https:\/\/www.plurinominal.com.mx\/index.php?rest_route=%2Fwp%2Fv2%2Fcategories&post=15178"},{"taxonomy":"post_tag","embeddable":true,"href":"https:\/\/www.plurinominal.com.mx\/index.php?rest_route=%2Fwp%2Fv2%2Ftags&post=15178"}],"curies":[{"name":"wp","href":"https:\/\/api.w.org\/{rel}","templated":true}]}}