{"id":1519,"date":"2011-12-28T16:40:48","date_gmt":"2011-12-28T22:40:48","guid":{"rendered":"http:\/\/www.plurinominal.com.mx\/?p=1519"},"modified":"2012-01-26T16:41:48","modified_gmt":"2012-01-26T22:41:48","slug":"reinicia-el-operativo-centella","status":"publish","type":"post","link":"https:\/\/www.plurinominal.com.mx\/?p=1519","title":{"rendered":"Reinicia el \u201cOperativo Centella\u201d"},"content":{"rendered":"<p>Desde el martes vuelven a pedir apoyo a polic\u00edas de Villa Ju\u00e1rez y Cerritos<br \/>\nEn las primeras actividades despu\u00e9s de la suspensi\u00f3n, comienzan confiscando unidades sin placas<\/p>\n<p>Jos\u00e9 \u00c1ngel Mtz.<br \/>\nReinici\u00f3 el \u201cOperativo Centella\u201d, y los polic\u00edas del Estado comenzaron con fuerza al detener por vez primera en este operativo, unidades sin placas.<br \/>\nDesde el martes se tuvo conocimiento que los polic\u00edas estatales solicitaron nuevamente el apoyo de la polic\u00eda de Cerritos y del vecino municipio de Villa Ju\u00e1rez, para implementar otra vez el operativo que hab\u00eda sido suspendido desde finales de noviembre por falta de agentes en la corporaci\u00f3n.<br \/>\nAl reiniciar las actividades del Centella el martes a las 13:00 horas, Plurinominal conoci\u00f3 que se reinici\u00f3 con m\u00e1s fuerza que en ocasiones anteriores, porque por vez primera se retuvieron unidades sin placas en el filtro que se coloc\u00f3 en la carretera estatal que conduce de Cerritos a la Villa.<br \/>\nSolamente hubo unidades estatales en el ret\u00e9n en el que quedaron confiscadas una camioneta blanca, de redilas de madera color verde, que tra\u00eda conduciendo Jos\u00e9 Guadalupe de Santiago Gonz\u00e1lez, originario de El Tepetate y una motoneta Italika, color rojo con negro, que tra\u00eda manejando Oscar Vel\u00e1zquez, que tiene cumplidos 18 a\u00f1os y vive en Las Fincas, del municipio villajuarense.<br \/>\nCabe resaltar que anteriormente no se deten\u00edan unidades sin placas en este operativo, porque solamente se estaba llamando la atenci\u00f3n.<br \/>\nAhora ya dejaron de dar avisos y act\u00faan contra los propietarios de todas las unidades irregulares.<br \/>\nNo solo hubo un ret\u00e9n el martes, sino detenciones por tomar en la v\u00eda p\u00fablica, siendo recluidos en la c\u00e1rcel de nuestro municipio Jos\u00e9 Luis Mart\u00ednez D\u00e1vila, Jes\u00fas Ortiz L\u00f3pez, Marcelino Mart\u00ednez D\u00e1vila y Francisco Manuel Uresti Mart\u00ednez. El \u00faltimo vive en esta cabecera municipal, pero los otros tres son de Estaci\u00f3n Monta\u00f1a, donde fueron detenidos a las afueras de una tienda.<br \/>\nNo se ha hecho oficial que se reinici\u00f3 el operativo, aunque tampoco hubo un documento que anunciara la suspensi\u00f3n, lo que es seguro es que ahora s\u00ed se da la detenci\u00f3n de camionetas, carros, motos o cualquier veh\u00edculo que circule sin placas por los municipios de Cerritos y Villa Ju\u00e1rez.<\/p>\n","protected":false},"excerpt":{"rendered":"<p>Desde el martes vuelven a pedir apoyo a polic\u00edas de Villa Ju\u00e1rez y Cerritos En las primeras actividades despu\u00e9s de la suspensi\u00f3n, comienzan confiscando unidades sin placas Jos\u00e9 \u00c1ngel Mtz.&#8230;<\/p>\n","protected":false},"author":1,"featured_media":0,"comment_status":"closed","ping_status":"open","sticky":false,"template":"","format":"standard","meta":{"footnotes":""},"categories":[3,4],"tags":[],"class_list":["post-1519","post","type-post","status-publish","format-standard","hentry","category-cerritos","category-villa-juarez","entry","simple"],"_links":{"self":[{"href":"https:\/\/www.plurinominal.com.mx\/index.php?rest_route=\/wp\/v2\/posts\/1519","targetHints":{"allow":["GET"]}}],"collection":[{"href":"https:\/\/www.plurinominal.com.mx\/index.php?rest_route=\/wp\/v2\/posts"}],"about":[{"href":"https:\/\/www.plurinominal.com.mx\/index.php?rest_route=\/wp\/v2\/types\/post"}],"author":[{"embeddable":true,"href":"https:\/\/www.plurinominal.com.mx\/index.php?rest_route=\/wp\/v2\/users\/1"}],"replies":[{"embeddable":true,"href":"https:\/\/www.plurinominal.com.mx\/index.php?rest_route=%2Fwp%2Fv2%2Fcomments&post=1519"}],"version-history":[{"count":0,"href":"https:\/\/www.plurinominal.com.mx\/index.php?rest_route=\/wp\/v2\/posts\/1519\/revisions"}],"wp:attachment":[{"href":"https:\/\/www.plurinominal.com.mx\/index.php?rest_route=%2Fwp%2Fv2%2Fmedia&parent=1519"}],"wp:term":[{"taxonomy":"category","embeddable":true,"href":"https:\/\/www.plurinominal.com.mx\/index.php?rest_route=%2Fwp%2Fv2%2Fcategories&post=1519"},{"taxonomy":"post_tag","embeddable":true,"href":"https:\/\/www.plurinominal.com.mx\/index.php?rest_route=%2Fwp%2Fv2%2Ftags&post=1519"}],"curies":[{"name":"wp","href":"https:\/\/api.w.org\/{rel}","templated":true}]}}