{"id":1530,"date":"2011-12-29T17:01:37","date_gmt":"2011-12-29T23:01:37","guid":{"rendered":"http:\/\/www.plurinominal.com.mx\/?p=1530"},"modified":"2012-01-26T17:02:01","modified_gmt":"2012-01-26T23:02:01","slug":"se-relajaron-las-medidas-para-mantener-la-vialidad-sin-obstaculos","status":"publish","type":"post","link":"https:\/\/www.plurinominal.com.mx\/?p=1530","title":{"rendered":"Se relajaron las medidas para mantener la vialidad sin obst\u00e1culos"},"content":{"rendered":"<p>Ma. del Carmen V.<br \/>\nCiudadanos comentaron a Plurinominal, que durante esta temporada decembrina se relajaron las medidas para mantener sin obst\u00e1culos las vialidades, pero denunciaron intolerancia para los automovilistas que visitan el municipio.<br \/>\nConductores han recibido amonestaciones por estacionarse en lugares que se consideran prohibidos. Elementos de tr\u00e1nsito han quitado la placa de algunos veh\u00edculos, y la mayor\u00eda termina pagando sanciones administrativas.<br \/>\nEl martes, 27 de diciembre, un veh\u00edculo blanco de modelo reciente se estacion\u00f3 en la rampa que ocupan los taxistas de la plaza principal.<br \/>\nA pesar de que no hab\u00eda ning\u00fan veh\u00edculo de alquiler, los elementos de tr\u00e1nsito municipal solicitaron el servicio de gr\u00faa para retirarlo.<br \/>\nPor otro lado, las medidas para mantener libre la vialidad de obst\u00e1culos se relajaron y  nuevamente los comerciantes invadieron la v\u00eda vehicular con anuncios, todo con el fin de apartar un lugar para sus carros y otros m\u00e1s con el objeto de que a sus negocios no se les obstruya la visibilidad.<br \/>\nLos objetos son visibles. Van desde botes, cajas y mercanc\u00edas.<br \/>\n\u201cAunque son contados los locales que utilizan el frente de sus negocios como sala de exhibici\u00f3n, \u00e9stos existen, por eso las autoridades deben de intervenir\u201d, consideran los ciudadanos.<\/p>\n","protected":false},"excerpt":{"rendered":"<p>Ma. del Carmen V. Ciudadanos comentaron a Plurinominal, que durante esta temporada decembrina se relajaron las medidas para mantener sin obst\u00e1culos las vialidades, pero denunciaron intolerancia para los automovilistas que&#8230;<\/p>\n","protected":false},"author":1,"featured_media":0,"comment_status":"closed","ping_status":"open","sticky":false,"template":"","format":"standard","meta":{"footnotes":""},"categories":[3],"tags":[],"class_list":["post-1530","post","type-post","status-publish","format-standard","hentry","category-cerritos","entry","simple"],"_links":{"self":[{"href":"https:\/\/www.plurinominal.com.mx\/index.php?rest_route=\/wp\/v2\/posts\/1530","targetHints":{"allow":["GET"]}}],"collection":[{"href":"https:\/\/www.plurinominal.com.mx\/index.php?rest_route=\/wp\/v2\/posts"}],"about":[{"href":"https:\/\/www.plurinominal.com.mx\/index.php?rest_route=\/wp\/v2\/types\/post"}],"author":[{"embeddable":true,"href":"https:\/\/www.plurinominal.com.mx\/index.php?rest_route=\/wp\/v2\/users\/1"}],"replies":[{"embeddable":true,"href":"https:\/\/www.plurinominal.com.mx\/index.php?rest_route=%2Fwp%2Fv2%2Fcomments&post=1530"}],"version-history":[{"count":0,"href":"https:\/\/www.plurinominal.com.mx\/index.php?rest_route=\/wp\/v2\/posts\/1530\/revisions"}],"wp:attachment":[{"href":"https:\/\/www.plurinominal.com.mx\/index.php?rest_route=%2Fwp%2Fv2%2Fmedia&parent=1530"}],"wp:term":[{"taxonomy":"category","embeddable":true,"href":"https:\/\/www.plurinominal.com.mx\/index.php?rest_route=%2Fwp%2Fv2%2Fcategories&post=1530"},{"taxonomy":"post_tag","embeddable":true,"href":"https:\/\/www.plurinominal.com.mx\/index.php?rest_route=%2Fwp%2Fv2%2Ftags&post=1530"}],"curies":[{"name":"wp","href":"https:\/\/api.w.org\/{rel}","templated":true}]}}