{"id":154,"date":"2011-10-26T01:47:45","date_gmt":"2011-10-26T01:47:45","guid":{"rendered":"http:\/\/www.plurinominal.com.mx\/?p=154"},"modified":"2011-11-05T01:48:34","modified_gmt":"2011-11-05T01:48:34","slug":"dirigentes-tricolor-no-acudieron-al-homenaje-en-honor-a-rafael-nieto","status":"publish","type":"post","link":"https:\/\/www.plurinominal.com.mx\/?p=154","title":{"rendered":"Dirigentes tricolor no acudieron al homenaje en honor a Rafael Nieto"},"content":{"rendered":"<p>El llamado lo hizo la organizaci\u00f3n \u201cDemocracia Social\u201d <\/p>\n<p>Del equipo de redacci\u00f3n<br \/>\nMientras que al acto para reconocer a Rafael Nieto Compe\u00e1n acudieron distinguidas personalidades de diferentes fracciones pol\u00edticas, brillaron por su ausencia Rodolfo Gallegos y Rosario Torres.<br \/>\nEl primero es Presidente del PRI en el municipio, mientras que la segunda es la secretaria general del mismo partido.<br \/>\nCon demasiada anterioridad, el l\u00edder de \u201cDemocracia Social\u201d Pablo S\u00e1nchez, \u2014organizaci\u00f3n que se supone, esta adherida al PRI\u2014 convoc\u00f3 al acto que se llev\u00f3 a cabo el pasado lunes 24 de Octubre en el lugar conocido anteriormente como \u201cPlacita de los Moreno\u201d.<br \/>\nSin embargo los dirigentes del Partido Revolucionario Institucional, \u2014que eran considerados como invitados especiales \u2014 jam\u00e1s llegaron.<br \/>\nSe desconocen las razones de su ausencia, incluso a Rodolfo Gallegos se le vio en la misma fecha y hora en la comunidad de Guadalc\u00e1zar.<br \/>\nEntre los invitados, se not\u00f3 a Juan Manuel Ruiz V\u00e1zquez, Juan Jos\u00e9 Ruiz Valgienty, Aurelia Orozco y Florencio Gonz\u00e1lez Alejos; el presidente municipal de Cerritos Erasmo Galv\u00e1n Nieto, la ex regidora Margarita Huerta Garc\u00eda, Gerardo Lim\u00f3n Montelongo, Jos\u00e9 Antonio Torres, Eduardo Gloria, Alejandro del Castillo, Salvador Mart\u00ednez y Alfredo Villegas Galv\u00e1n, grupos de estudiantes, entre otros ciudadanos.<br \/>\nEl gerente de Cablecerr, Pablo S\u00e1nchez Turrubiartes, fue el encargado de dar a conocer el discurso oficial en el que estaban escritos los nombres de los dirigentes priistas. Como no asistieron no fueron mencionados.<br \/>\nAl tomar la palabra, el l\u00edder aprovech\u00f3 para dar a conocer de manera breve, los objetivos y acciones de la organizaci\u00f3n que se centraron en mejorar los rubros de la educaci\u00f3n municipal.<br \/>\n\u201cHago un llamado a la sensibilidad de los cerritenses, en este momento a la universidad que no cuenta con un edificio propio, sin embargo esto no impide que sigan adelante, esperemos que muy pronto puedan tener ese espacio donde puedan desarrollarse de manera m\u00e1s productiva\u201d.<br \/>\nS\u00e1nchez Turrubiartes, dijo tener una estrecha relaci\u00f3n con las organizaciones de paisanos, y destac\u00f3 la importancia de la participaci\u00f3n de la mujer.<br \/>\nA\u00f1adi\u00f3 que a prontas fechas se llevar\u00e1n a cabo conferencias para beneficiar a este sector, con lo que se sostendr\u00e1n los \u201clazos familiares\u201d.<br \/>\nAsimismo pidi\u00f3 al alcalde municipal, \u201csi est\u00e1 dentro de sus posibilidades, que a trav\u00e9s de la pr\u00f3xima reuni\u00f3n de Cabildo se instituya el 24 de octubre como una fecha especial, donde en lo sucesivo pueda existir participaci\u00f3n directa de las instituciones educativas en coordinaci\u00f3n con el municipio\u201d.<br \/>\nEn los c\u00edrculos internos del PRI, se menciona a Pablo S\u00e1nchez, \u201ccomo candidato virtual\u201d, sin embargo \u00e9l no ha declarado nada al respecto.<br \/>\nEste martes, el priista indic\u00f3 en su sitio de internet, \u201ca quienes con su presencia le dieron el realce que significa este acto, en recuerdo a uno de los hombres ilustres de nuestro Municipio, Don Rafael Nieto Compe\u00e1n; la Organizaci\u00f3n Democracia Social de Cerritos les da las gracias, particularmente por privilegiar la pluralidad en una clara se\u00f1al de la direcci\u00f3n que debe tomar nuestro querido Cerritos, en este contexto son validos los comentarios, m\u00e1s no las descalificaciones\u201d.<\/p>\n","protected":false},"excerpt":{"rendered":"<p>El llamado lo hizo la organizaci\u00f3n \u201cDemocracia Social\u201d Del equipo de redacci\u00f3n Mientras que al acto para reconocer a Rafael Nieto Compe\u00e1n acudieron distinguidas personalidades de diferentes fracciones pol\u00edticas, brillaron&#8230;<\/p>\n","protected":false},"author":1,"featured_media":0,"comment_status":"closed","ping_status":"open","sticky":false,"template":"","format":"standard","meta":{"footnotes":""},"categories":[3],"tags":[40,104,24,58,52,103],"class_list":["post-154","post","type-post","status-publish","format-standard","hentry","category-cerritos","tag-ex-presidentes","tag-juanes","tag-pablo-sanchez","tag-pan","tag-pri","tag-rafael-nieto","entry","simple"],"_links":{"self":[{"href":"https:\/\/www.plurinominal.com.mx\/index.php?rest_route=\/wp\/v2\/posts\/154","targetHints":{"allow":["GET"]}}],"collection":[{"href":"https:\/\/www.plurinominal.com.mx\/index.php?rest_route=\/wp\/v2\/posts"}],"about":[{"href":"https:\/\/www.plurinominal.com.mx\/index.php?rest_route=\/wp\/v2\/types\/post"}],"author":[{"embeddable":true,"href":"https:\/\/www.plurinominal.com.mx\/index.php?rest_route=\/wp\/v2\/users\/1"}],"replies":[{"embeddable":true,"href":"https:\/\/www.plurinominal.com.mx\/index.php?rest_route=%2Fwp%2Fv2%2Fcomments&post=154"}],"version-history":[{"count":0,"href":"https:\/\/www.plurinominal.com.mx\/index.php?rest_route=\/wp\/v2\/posts\/154\/revisions"}],"wp:attachment":[{"href":"https:\/\/www.plurinominal.com.mx\/index.php?rest_route=%2Fwp%2Fv2%2Fmedia&parent=154"}],"wp:term":[{"taxonomy":"category","embeddable":true,"href":"https:\/\/www.plurinominal.com.mx\/index.php?rest_route=%2Fwp%2Fv2%2Fcategories&post=154"},{"taxonomy":"post_tag","embeddable":true,"href":"https:\/\/www.plurinominal.com.mx\/index.php?rest_route=%2Fwp%2Fv2%2Ftags&post=154"}],"curies":[{"name":"wp","href":"https:\/\/api.w.org\/{rel}","templated":true}]}}