{"id":1547,"date":"2011-12-31T17:27:19","date_gmt":"2011-12-31T23:27:19","guid":{"rendered":"http:\/\/www.plurinominal.com.mx\/?p=1547"},"modified":"2012-01-26T17:29:20","modified_gmt":"2012-01-26T23:29:20","slug":"inconformidad-por-organizacion-del-baile-en-villa-juarez","status":"publish","type":"post","link":"https:\/\/www.plurinominal.com.mx\/?p=1547","title":{"rendered":"Inconformidad por organizaci\u00f3n del baile en Villa Ju\u00e1rez"},"content":{"rendered":"<p>Desde las 14:00 horas se orden\u00f3 el cierre de negocios<\/p>\n<p>Marco Serna<br \/>\nComerciantes y vendedores ambulantes se inconformaron con organizadores del baile de Bryndis que se llev\u00f3 a cabo en el municipio de Villa Ju\u00e1rez.<br \/>\nFue desde las 14:00 horas del 28 de diciembre que se orden\u00f3 el cierre de los negocios, por eso algunos consideraron que se violaron sus garant\u00edas individuales en plena \u00e9poca de paisanos para llevar a cabo un evento particular.<br \/>\nTodos los accesos al centro fueron obstaculizados, explica uno de los inconformes.<br \/>\nIncluso, denunciaron que un ex candidato se dedic\u00f3 a dar \u00f3rdenes, cuando ellos creen que sus funciones como autoridad terminaron desde que hizo p\u00fablicas sus aspiraciones pol\u00edticas y empez\u00f3 su campa\u00f1a interna.<br \/>\nTrascendi\u00f3 que a los puesteros los quitaron de la plaza, siendo que algunos se acababan de instalar un d\u00eda antes.<br \/>\nEl descontento de algunos, fue porque ese d\u00eda pudieron haber vendido m\u00e1s de la cuenta siendo que los negocios se han reportado como \u201cflojos\u201d a pesar de la \u00e9poca.<\/p>\n","protected":false},"excerpt":{"rendered":"<p>Desde las 14:00 horas se orden\u00f3 el cierre de negocios Marco Serna Comerciantes y vendedores ambulantes se inconformaron con organizadores del baile de Bryndis que se llev\u00f3 a cabo en&#8230;<\/p>\n","protected":false},"author":1,"featured_media":0,"comment_status":"closed","ping_status":"open","sticky":false,"template":"","format":"standard","meta":{"footnotes":""},"categories":[3,4],"tags":[],"class_list":["post-1547","post","type-post","status-publish","format-standard","hentry","category-cerritos","category-villa-juarez","entry","simple"],"_links":{"self":[{"href":"https:\/\/www.plurinominal.com.mx\/index.php?rest_route=\/wp\/v2\/posts\/1547","targetHints":{"allow":["GET"]}}],"collection":[{"href":"https:\/\/www.plurinominal.com.mx\/index.php?rest_route=\/wp\/v2\/posts"}],"about":[{"href":"https:\/\/www.plurinominal.com.mx\/index.php?rest_route=\/wp\/v2\/types\/post"}],"author":[{"embeddable":true,"href":"https:\/\/www.plurinominal.com.mx\/index.php?rest_route=\/wp\/v2\/users\/1"}],"replies":[{"embeddable":true,"href":"https:\/\/www.plurinominal.com.mx\/index.php?rest_route=%2Fwp%2Fv2%2Fcomments&post=1547"}],"version-history":[{"count":0,"href":"https:\/\/www.plurinominal.com.mx\/index.php?rest_route=\/wp\/v2\/posts\/1547\/revisions"}],"wp:attachment":[{"href":"https:\/\/www.plurinominal.com.mx\/index.php?rest_route=%2Fwp%2Fv2%2Fmedia&parent=1547"}],"wp:term":[{"taxonomy":"category","embeddable":true,"href":"https:\/\/www.plurinominal.com.mx\/index.php?rest_route=%2Fwp%2Fv2%2Fcategories&post=1547"},{"taxonomy":"post_tag","embeddable":true,"href":"https:\/\/www.plurinominal.com.mx\/index.php?rest_route=%2Fwp%2Fv2%2Ftags&post=1547"}],"curies":[{"name":"wp","href":"https:\/\/api.w.org\/{rel}","templated":true}]}}