{"id":1555,"date":"2012-01-27T23:56:40","date_gmt":"2012-01-28T05:56:40","guid":{"rendered":"http:\/\/www.plurinominal.com.mx\/?p=1555"},"modified":"2012-01-27T23:56:40","modified_gmt":"2012-01-28T05:56:40","slug":"esperare-los-tiempos-que-marca-el-partido-quintero-luevano-2","status":"publish","type":"post","link":"https:\/\/www.plurinominal.com.mx\/?p=1555","title":{"rendered":"Esperar\u00e9 los tiempos que marca el Partido: Quintero Lu\u00e9vano"},"content":{"rendered":"<p>Marco Serna<br \/>\nRespecto a la ola de comentarios que se han desatado en cuanto a su persona, en entrevista para este medio, el Profesor Jorge Luis Quintero Lu\u00e9vano declar\u00f3 que espera la convocatoria que emita el Partido Revolucionario Institucional en los pr\u00f3ximos d\u00edas para decidir si participa en la pr\u00f3xima contienda electoral.<br \/>\nAl cuestionarle que se le menciona como un fuerte aspirante de unidad por parte del PRI, declara que varios sectores y organizaciones entre las que se encuentran La Organizaci\u00f3n de mujeres que preside la Lic. Leticia V\u00e1zquez, el Frente Juvenil, el Movimiento Territorial, entre otras;  le han hecho pl\u00e1ticas informales para sea el que los represente en la elecci\u00f3n del 01 de Julio pr\u00f3ximo.<br \/>\nAsimismo, menciona que se ha requerido su presencia en reuniones con el aspirante a Diputado Federal Ing. Oscar Bautista as\u00ed como  Ram\u00f3n Guardiola de Villa de Arista y Francisco Noyola  de Guadalc\u00e1zar, con el fin de exponer los proyectos que se traen en mente a los miembros de su organizaci\u00f3n, pero todo de manera extraoficial.<br \/>\nQuintero Lu\u00e9vano, agreg\u00f3 que se encuentra trabajando desde la CNOP para convencer al sector popular que se una al proyecto que encabeza el Lic. Enrique Pe\u00f1a Nieto ya que es la encomienda principal del PRI a nivel nacional y que como lo mencion\u00f3 al principio de la entrevista; \u201cesperar\u00e1 la publicaci\u00f3n de la convocatoria para empezar a desarrollar un buen proyecto en conjunto con todos los sectores y organizaciones del PRI si es que lo apoyan en unidad para que sea candidato a la presidencia municipal\u201d.<\/p>\n","protected":false},"excerpt":{"rendered":"<p>Marco Serna Respecto a la ola de comentarios que se han desatado en cuanto a su persona, en entrevista para este medio, el Profesor Jorge Luis Quintero Lu\u00e9vano declar\u00f3 que&#8230;<\/p>\n","protected":false},"author":1,"featured_media":0,"comment_status":"closed","ping_status":"open","sticky":false,"template":"","format":"standard","meta":{"footnotes":""},"categories":[3],"tags":[],"class_list":["post-1555","post","type-post","status-publish","format-standard","hentry","category-cerritos","entry","simple"],"_links":{"self":[{"href":"https:\/\/www.plurinominal.com.mx\/index.php?rest_route=\/wp\/v2\/posts\/1555","targetHints":{"allow":["GET"]}}],"collection":[{"href":"https:\/\/www.plurinominal.com.mx\/index.php?rest_route=\/wp\/v2\/posts"}],"about":[{"href":"https:\/\/www.plurinominal.com.mx\/index.php?rest_route=\/wp\/v2\/types\/post"}],"author":[{"embeddable":true,"href":"https:\/\/www.plurinominal.com.mx\/index.php?rest_route=\/wp\/v2\/users\/1"}],"replies":[{"embeddable":true,"href":"https:\/\/www.plurinominal.com.mx\/index.php?rest_route=%2Fwp%2Fv2%2Fcomments&post=1555"}],"version-history":[{"count":0,"href":"https:\/\/www.plurinominal.com.mx\/index.php?rest_route=\/wp\/v2\/posts\/1555\/revisions"}],"wp:attachment":[{"href":"https:\/\/www.plurinominal.com.mx\/index.php?rest_route=%2Fwp%2Fv2%2Fmedia&parent=1555"}],"wp:term":[{"taxonomy":"category","embeddable":true,"href":"https:\/\/www.plurinominal.com.mx\/index.php?rest_route=%2Fwp%2Fv2%2Fcategories&post=1555"},{"taxonomy":"post_tag","embeddable":true,"href":"https:\/\/www.plurinominal.com.mx\/index.php?rest_route=%2Fwp%2Fv2%2Ftags&post=1555"}],"curies":[{"name":"wp","href":"https:\/\/api.w.org\/{rel}","templated":true}]}}