{"id":1579,"date":"2012-02-02T00:39:40","date_gmt":"2012-02-02T06:39:40","guid":{"rendered":"http:\/\/www.plurinominal.com.mx\/?p=1579"},"modified":"2012-02-02T00:39:40","modified_gmt":"2012-02-02T06:39:40","slug":"comienza-campana-negra-contra-precandidato","status":"publish","type":"post","link":"https:\/\/www.plurinominal.com.mx\/?p=1579","title":{"rendered":"Comienza campa\u00f1a negra contra precandidato"},"content":{"rendered":"<p>Dudo mucho que bajezas como \u00e9sta hayan salido de mis hermanos panistas: Arturo Narv\u00e1ez<br \/>\n\u201cTienen raz\u00f3n en temer a esta f\u00f3rmula, porque vamos con todo a ganar esta candidatura\u201d, agrega<\/p>\n<p>Marco Serna<br \/>\nUna \u201ccampa\u00f1a negra\u201d comenz\u00f3 contra el precandidato panista Arturo Narv\u00e1ez la tarde del lunes, consistente en la entrega de copias de una \u201csupuesta demanda\u201d presentada ante autoridades competentes.<br \/>\nEl acto sucedi\u00f3 durante un evento al que convoc\u00f3 el Ingeniero Gregorio Carbajal, quien se deslinda de toda acci\u00f3n en perjuicio de su rival, dado que ya firm\u00f3 un pacto para sumarse al trabajo del Notario en caso de resultar perdedor en la contienda interna del Partido Acci\u00f3n Nacional. (MAS DETALLLES EN LA EDICION IMPRESA).<br \/>\n<em>IMAGEN:Al igual que el Lic. Arturo Narv\u00e1ez, el Ingeniero Gregorio Carbajal cuenta ya con una casa de precampa\u00f1a. Asimismo se grab\u00f3<\/em><br \/>\n<em> \u201cun corrido\u201d para el mismo personaje quien se deslind\u00f3 de la \u201ccampa\u00f1a negra\u201d que inici\u00f3 en perjuicio de su adversario interno.<\/em><\/p>\n","protected":false},"excerpt":{"rendered":"<p>Dudo mucho que bajezas como \u00e9sta hayan salido de mis hermanos panistas: Arturo Narv\u00e1ez \u201cTienen raz\u00f3n en temer a esta f\u00f3rmula, porque vamos con todo a ganar esta candidatura\u201d, agrega&#8230;<\/p>\n","protected":false},"author":1,"featured_media":1580,"comment_status":"closed","ping_status":"open","sticky":false,"template":"","format":"standard","meta":{"footnotes":""},"categories":[3],"tags":[],"class_list":["post-1579","post","type-post","status-publish","format-standard","has-post-thumbnail","hentry","category-cerritos","entry","simple"],"_links":{"self":[{"href":"https:\/\/www.plurinominal.com.mx\/index.php?rest_route=\/wp\/v2\/posts\/1579","targetHints":{"allow":["GET"]}}],"collection":[{"href":"https:\/\/www.plurinominal.com.mx\/index.php?rest_route=\/wp\/v2\/posts"}],"about":[{"href":"https:\/\/www.plurinominal.com.mx\/index.php?rest_route=\/wp\/v2\/types\/post"}],"author":[{"embeddable":true,"href":"https:\/\/www.plurinominal.com.mx\/index.php?rest_route=\/wp\/v2\/users\/1"}],"replies":[{"embeddable":true,"href":"https:\/\/www.plurinominal.com.mx\/index.php?rest_route=%2Fwp%2Fv2%2Fcomments&post=1579"}],"version-history":[{"count":0,"href":"https:\/\/www.plurinominal.com.mx\/index.php?rest_route=\/wp\/v2\/posts\/1579\/revisions"}],"wp:featuredmedia":[{"embeddable":true,"href":"https:\/\/www.plurinominal.com.mx\/index.php?rest_route=\/wp\/v2\/media\/1580"}],"wp:attachment":[{"href":"https:\/\/www.plurinominal.com.mx\/index.php?rest_route=%2Fwp%2Fv2%2Fmedia&parent=1579"}],"wp:term":[{"taxonomy":"category","embeddable":true,"href":"https:\/\/www.plurinominal.com.mx\/index.php?rest_route=%2Fwp%2Fv2%2Fcategories&post=1579"},{"taxonomy":"post_tag","embeddable":true,"href":"https:\/\/www.plurinominal.com.mx\/index.php?rest_route=%2Fwp%2Fv2%2Ftags&post=1579"}],"curies":[{"name":"wp","href":"https:\/\/api.w.org\/{rel}","templated":true}]}}