{"id":158,"date":"2011-10-29T01:50:20","date_gmt":"2011-10-29T01:50:20","guid":{"rendered":"http:\/\/www.plurinominal.com.mx\/?p=158"},"modified":"2011-11-05T01:50:58","modified_gmt":"2011-11-05T01:50:58","slug":"mexicanos-residentes-en-estados-unidos-someten-demanda-contra-el-ife","status":"publish","type":"post","link":"https:\/\/www.plurinominal.com.mx\/?p=158","title":{"rendered":"Mexicanos residentes en Estados Unidos someten demanda contra el IFE"},"content":{"rendered":"<p>Piden credencializaci\u00f3n para votar en pr\u00f3ximas elecciones<\/p>\n<p>Plurinominal, corresponsales<br \/>\nEn un acto sin precedentes, ciudadanos mexicanos de Estados Unidos sometieron el 5 de octubre, una petici\u00f3n de amparo ante el Tribunal Federal Electoral (TRIFE) debido a la negativa de parte del Instituto Federal Electoral (IFE) de otorgarles la credencial para poder votar en las elecciones presidenciales del 2012.<br \/>\nSeg\u00fan el abogado Dr. \u00c1ngel Salas Alfaro, asesor legal del PRO PAN USA y del Consejo de Organizaciones Potosinas del Exterior (organizaciones que someten este amparo) en mayo se hizo, al presidente consejero del IFE, Dr. Leonardo Vald\u00e9s Zurita, una petici\u00f3n de credencializaci\u00f3n firmada por 277 personas residentes en su mayor\u00eda, en Illinois. Para agosto se hizo una nueva petici\u00f3n de parte del asesor legal con el mismo resultado negativo.<br \/>\n\u201cDesde hace d\u00e9cadas, la ciudadan\u00eda mexicana residente en el extranjero, principalmente en los Estados Unidos, ha estado luchando desde diferentes trincheras para obtener su derecho al voto sin resultados satisfactorios\u201d, dijo Frank De \u00c1vila, presidente de COPE y co fundador del PRO PAN USA.<br \/>\nDe \u00c1vila, potosino radicado desde hace m\u00e1s de 40 a\u00f1os en Chicago, y quien ha estado trabajando en pro de los derechos pol\u00edticos de los mexicanos en el extranjero junto a otros dirigentes comunitarios, dijo que \u201cdesde hace un par de a\u00f1os estaba con la idea de presionar de alguna manera al IFE por su constante negativa a otorgarnos la credencial de elector a los que vivimos fuera de M\u00e9xico\u201d. Lo anterior lo se\u00f1al\u00f3 en una conferencia de prensa en San Luis Potos\u00ed, y en radio a nivel nacional.<br \/>\nEste amparo tendr\u00e1 \u201crepercusiones a nivel internacional porque nuestros derechos constitucionales como mexicanos no los perdemos al cruzar fronteras y est\u00e1n siendo violados (\u2026) el IFE propone que cumplir\u00edan con su obligaci\u00f3n de facilitar el derecho al sufragio con m\u00e9todos relativamente complicados para los ciudadanos del extranjero, en comparaci\u00f3n a los que radican en territorio mexicano, lo que vendr\u00eda siendo discriminatorio bajo la Constituci\u00f3n mexicana\u201d.<br \/>\nAgreg\u00f3 que \u201cComo consecuencia de la serie de fracasos de parte de los mexicanos hacia los pol\u00edticos a trav\u00e9s de los a\u00f1os, la alternativa que nos queda, es la de acudir a los tribunales para que cumplan con su deber (\u2026) Nos ponen el plato en la mesa, pero sin comida\u201d.<br \/>\nPor su parte, Ezequiel Banda Sifuentes, conocido activista pol\u00edtico y miembro co fundador del PRO PAN USA, subray\u00f3 que \u201cla ley que otorga el derecho al voto de los mexicanos en s\u00ed, est\u00e1 defectuosa y a eso agr\u00e9guenle los complicados requisitos que propone el IFE para credencializar\u2026 entonces, el poder votar se hace a\u00fan m\u00e1s complicado\u201d.<br \/>\nEl Dr. Francisco Cisneros, dirigente comunitario y tambi\u00e9n cofundador de PRO PAN USA, dijo que \u00e9sta es una buena alternativa para que de una vez por todas se logre el tan anhelado objetivo para los millones de mexicanos residentes en el extranjero\u201d.<br \/>\nEl objetivo de este grupo es el de pedir que \u201cse credencialice al mexicano en el extranjero. La intenci\u00f3n con el amparo es que el tribunal haga lo que el Poder Ejecutivo y el Legislativo se han negado a hacer: respetar los derechos de los mexicanos dentro y fuera del pa\u00eds\u201d, finaliz\u00f3 De \u00c1vila.<br \/>\nSobre el tema del \u201cVoto del Mexicano en el Extranjero\u201d, se mencion\u00f3 a Plurinominal que este martes se dio una conferencia en el Instituto Mexicano de Cultura de la ciudad de Chicago Illinois.<\/p>\n","protected":false},"excerpt":{"rendered":"<p>Piden credencializaci\u00f3n para votar en pr\u00f3ximas elecciones Plurinominal, corresponsales En un acto sin precedentes, ciudadanos mexicanos de Estados Unidos sometieron el 5 de octubre, una petici\u00f3n de amparo ante el&#8230;<\/p>\n","protected":false},"author":1,"featured_media":0,"comment_status":"closed","ping_status":"open","sticky":false,"template":"","format":"standard","meta":{"footnotes":""},"categories":[3,6,4],"tags":[109,108,7],"class_list":["post-158","post","type-post","status-publish","format-standard","hentry","category-cerritos","category-guadalcazar","category-villa-juarez","tag-frank-de-avila","tag-ife","tag-paisanos","entry","simple"],"_links":{"self":[{"href":"https:\/\/www.plurinominal.com.mx\/index.php?rest_route=\/wp\/v2\/posts\/158","targetHints":{"allow":["GET"]}}],"collection":[{"href":"https:\/\/www.plurinominal.com.mx\/index.php?rest_route=\/wp\/v2\/posts"}],"about":[{"href":"https:\/\/www.plurinominal.com.mx\/index.php?rest_route=\/wp\/v2\/types\/post"}],"author":[{"embeddable":true,"href":"https:\/\/www.plurinominal.com.mx\/index.php?rest_route=\/wp\/v2\/users\/1"}],"replies":[{"embeddable":true,"href":"https:\/\/www.plurinominal.com.mx\/index.php?rest_route=%2Fwp%2Fv2%2Fcomments&post=158"}],"version-history":[{"count":0,"href":"https:\/\/www.plurinominal.com.mx\/index.php?rest_route=\/wp\/v2\/posts\/158\/revisions"}],"wp:attachment":[{"href":"https:\/\/www.plurinominal.com.mx\/index.php?rest_route=%2Fwp%2Fv2%2Fmedia&parent=158"}],"wp:term":[{"taxonomy":"category","embeddable":true,"href":"https:\/\/www.plurinominal.com.mx\/index.php?rest_route=%2Fwp%2Fv2%2Fcategories&post=158"},{"taxonomy":"post_tag","embeddable":true,"href":"https:\/\/www.plurinominal.com.mx\/index.php?rest_route=%2Fwp%2Fv2%2Ftags&post=158"}],"curies":[{"name":"wp","href":"https:\/\/api.w.org\/{rel}","templated":true}]}}