{"id":1582,"date":"2012-02-02T00:41:19","date_gmt":"2012-02-02T06:41:19","guid":{"rendered":"http:\/\/www.plurinominal.com.mx\/?p=1582"},"modified":"2012-02-02T00:41:19","modified_gmt":"2012-02-02T06:41:19","slug":"4-detenidos-por-balacera-mortal","status":"publish","type":"post","link":"https:\/\/www.plurinominal.com.mx\/?p=1582","title":{"rendered":"4 detenidos por \u201cbalacera mortal\u201d"},"content":{"rendered":"<p>Dieron muerte a un paisano e hirieron a tres<\/p>\n<p>Marco Serna<br \/>\nYa fueron detenidos 4 sospechosos por motivo del asesinato de Miguel Zamarr\u00f3n y 3 paisanos cuyas familias tienen su domicilio conocido en esta cabecera municipal. Algunos son originarios de Pozo de Acu\u00f1a, comunidad Perteneciente a Guadalc\u00e1zar.<br \/>\nPlurinominal inform\u00f3 la declaraci\u00f3n de familiares de los perjudicados, quienes expusieron que \u201ctodo se trat\u00f3 de un asalto por querer robarles una camioneta con herramienta\u201d, pero un peri\u00f3dico digital de Orlando Florida narr\u00f3 el 30 de enero una versi\u00f3n m\u00e1s clara de lo sucedido, informaci\u00f3n firmada por Amy Pavuk, del diario \u201cOrlando Sentinel\u201d.<br \/>\n(INFORMACION DETALLADA EN LA VERSION IMPRESA).<br \/>\n<em>IMAGEN: Elizabeth Feliciano, Roberto Rivera V\u00e1zquez, Robert Rivera V\u00e1zquez y Miguel Vargas. Se les acusa de \u201chomicidio\u201d y \u201chomicidio en grado de tentativa\u201d contra paisanos cuyas familias tienen domicilios en esta cabecera municipal. FOTO: \u201cOrlando Sentinel\u201d.<\/em><\/p>\n","protected":false},"excerpt":{"rendered":"<p>Dieron muerte a un paisano e hirieron a tres Marco Serna Ya fueron detenidos 4 sospechosos por motivo del asesinato de Miguel Zamarr\u00f3n y 3 paisanos cuyas familias tienen su&#8230;<\/p>\n","protected":false},"author":1,"featured_media":1583,"comment_status":"closed","ping_status":"open","sticky":false,"template":"","format":"standard","meta":{"footnotes":""},"categories":[3,6],"tags":[],"class_list":["post-1582","post","type-post","status-publish","format-standard","has-post-thumbnail","hentry","category-cerritos","category-guadalcazar","entry","simple"],"_links":{"self":[{"href":"https:\/\/www.plurinominal.com.mx\/index.php?rest_route=\/wp\/v2\/posts\/1582","targetHints":{"allow":["GET"]}}],"collection":[{"href":"https:\/\/www.plurinominal.com.mx\/index.php?rest_route=\/wp\/v2\/posts"}],"about":[{"href":"https:\/\/www.plurinominal.com.mx\/index.php?rest_route=\/wp\/v2\/types\/post"}],"author":[{"embeddable":true,"href":"https:\/\/www.plurinominal.com.mx\/index.php?rest_route=\/wp\/v2\/users\/1"}],"replies":[{"embeddable":true,"href":"https:\/\/www.plurinominal.com.mx\/index.php?rest_route=%2Fwp%2Fv2%2Fcomments&post=1582"}],"version-history":[{"count":0,"href":"https:\/\/www.plurinominal.com.mx\/index.php?rest_route=\/wp\/v2\/posts\/1582\/revisions"}],"wp:featuredmedia":[{"embeddable":true,"href":"https:\/\/www.plurinominal.com.mx\/index.php?rest_route=\/wp\/v2\/media\/1583"}],"wp:attachment":[{"href":"https:\/\/www.plurinominal.com.mx\/index.php?rest_route=%2Fwp%2Fv2%2Fmedia&parent=1582"}],"wp:term":[{"taxonomy":"category","embeddable":true,"href":"https:\/\/www.plurinominal.com.mx\/index.php?rest_route=%2Fwp%2Fv2%2Fcategories&post=1582"},{"taxonomy":"post_tag","embeddable":true,"href":"https:\/\/www.plurinominal.com.mx\/index.php?rest_route=%2Fwp%2Fv2%2Ftags&post=1582"}],"curies":[{"name":"wp","href":"https:\/\/api.w.org\/{rel}","templated":true}]}}