{"id":1585,"date":"2012-02-02T16:53:14","date_gmt":"2012-02-02T22:53:14","guid":{"rendered":"http:\/\/www.plurinominal.com.mx\/?p=1585"},"modified":"2012-02-02T16:58:30","modified_gmt":"2012-02-02T22:58:30","slug":"tiene-quintero-el-respaldo-de-leticia-vazquez","status":"publish","type":"post","link":"https:\/\/www.plurinominal.com.mx\/?p=1585","title":{"rendered":"Tiene Quintero el respaldo de Leticia V\u00e1zquez"},"content":{"rendered":"<figure id=\"attachment_1587\" aria-describedby=\"caption-attachment-1587\" style=\"width: 170px\" class=\"wp-caption alignleft\"><a href=\"https:\/\/www.plurinominal.com.mx\/wp-content\/uploads\/Jorge-Quintero.jpg\"><img loading=\"lazy\" decoding=\"async\" class=\"size-full wp-image-1587\" title=\"Jorge Quintero\" src=\"https:\/\/www.plurinominal.com.mx\/wp-content\/uploads\/Jorge-Quintero.jpg\" alt=\"\" width=\"170\" height=\"122\" \/><\/a><figcaption id=\"caption-attachment-1587\" class=\"wp-caption-text\">Jorge Luis Quintero Lu\u00e9vano junto a su distinguida esposa. El Profesor est\u00e1 a punto de conformar un equipo de trabajo \u00fanico que podr\u00eda \u201carrasar\u201d en caso de que no se limen las asperezas internas de partidos opositores. FOTO DE ARCHIVO.<\/figcaption><\/figure>\n<p>Este mi\u00e9rcoles, la Licenciada se sum\u00f3 a su trabajo<\/p>\n<p>Marco Serna<br \/>\nLa Lic. Leticia V\u00e1zquez finalmente decidi\u00f3 sumarse al equipo de trabajo del Profesor Jorge Luis Quintero Lu\u00e9vano y la noche de este mi\u00e9rcoles 1 de Febrero hizo p\u00fablica su respuesta.<br \/>\nDe este modo, el ex candidato pri\u00edsta podr\u00eda nuevamente estar delante del tricolor para la pr\u00f3xima contienda electoral y \u201carrasar\u201d en caso de que no se limen las asperezas internas de partidos opositores.<br \/>\nAnte cerca de 50 personas, la dirigente de las mujeres cerritenses, agradeci\u00f3 a sus seguidoras las muestras de confianza brindadas para que buscara la candidatura, sin embargo reconoci\u00f3 que Jorge Luis Quintero es la mejor opci\u00f3n para recuperar la presidencia.<br \/>\nPor su parte el Profesor agradeci\u00f3 el respaldo de Leticia V\u00e1zquez, y convoc\u00f3 a los dem\u00e1s actores pol\u00edticos de su instituto, a unirse al proyecto que encabeza.<br \/>\nEn la reuni\u00f3n estuvo presente el Lic. Federico Castillo Vera, quien mostr\u00f3 inter\u00e9s en la determinaci\u00f3n y al t\u00e9rmino de \u00e9sta, se program\u00f3 otra junta para consolidar un grupo \u00fanico.<\/p>\n","protected":false},"excerpt":{"rendered":"<p>Este mi\u00e9rcoles, la Licenciada se sum\u00f3 a su trabajo Marco Serna La Lic. Leticia V\u00e1zquez finalmente decidi\u00f3 sumarse al equipo de trabajo del Profesor Jorge Luis Quintero Lu\u00e9vano y la&#8230;<\/p>\n","protected":false},"author":1,"featured_media":0,"comment_status":"closed","ping_status":"open","sticky":false,"template":"","format":"standard","meta":{"footnotes":""},"categories":[3],"tags":[],"class_list":["post-1585","post","type-post","status-publish","format-standard","hentry","category-cerritos","entry","simple"],"_links":{"self":[{"href":"https:\/\/www.plurinominal.com.mx\/index.php?rest_route=\/wp\/v2\/posts\/1585","targetHints":{"allow":["GET"]}}],"collection":[{"href":"https:\/\/www.plurinominal.com.mx\/index.php?rest_route=\/wp\/v2\/posts"}],"about":[{"href":"https:\/\/www.plurinominal.com.mx\/index.php?rest_route=\/wp\/v2\/types\/post"}],"author":[{"embeddable":true,"href":"https:\/\/www.plurinominal.com.mx\/index.php?rest_route=\/wp\/v2\/users\/1"}],"replies":[{"embeddable":true,"href":"https:\/\/www.plurinominal.com.mx\/index.php?rest_route=%2Fwp%2Fv2%2Fcomments&post=1585"}],"version-history":[{"count":0,"href":"https:\/\/www.plurinominal.com.mx\/index.php?rest_route=\/wp\/v2\/posts\/1585\/revisions"}],"wp:attachment":[{"href":"https:\/\/www.plurinominal.com.mx\/index.php?rest_route=%2Fwp%2Fv2%2Fmedia&parent=1585"}],"wp:term":[{"taxonomy":"category","embeddable":true,"href":"https:\/\/www.plurinominal.com.mx\/index.php?rest_route=%2Fwp%2Fv2%2Fcategories&post=1585"},{"taxonomy":"post_tag","embeddable":true,"href":"https:\/\/www.plurinominal.com.mx\/index.php?rest_route=%2Fwp%2Fv2%2Ftags&post=1585"}],"curies":[{"name":"wp","href":"https:\/\/api.w.org\/{rel}","templated":true}]}}