{"id":1590,"date":"2012-01-01T17:15:26","date_gmt":"2012-01-01T23:15:26","guid":{"rendered":"http:\/\/www.plurinominal.com.mx\/?p=1590"},"modified":"2012-02-02T17:15:59","modified_gmt":"2012-02-02T23:15:59","slug":"cafre-choco-y-se-fugo","status":"publish","type":"post","link":"https:\/\/www.plurinominal.com.mx\/?p=1590","title":{"rendered":"Cafre choc\u00f3 y se fug\u00f3"},"content":{"rendered":"<p>Fue identificado por menores que estaban dentro del auto afectado<\/p>\n<p>Del equipo de redacci\u00f3n<br \/>\n\u201cCafre del volante\u201d choc\u00f3 veh\u00edculo para de inmediato huir. Por fortuna dentro del carro da\u00f1ado se encontraban unos ni\u00f1os que lograron identificarlo.<br \/>\nMolesta se not\u00f3 a Elizabeth Rodr\u00edguez, quien cuenta con 25 a\u00f1os, porque result\u00f3 afectada.<br \/>\nElla tiene su domicilio en la calle Juventino Rosas 128, en el Barrio de San Juan.<br \/>\nA las 18:06 horas del martes 27 de diciembre, explic\u00f3 a agentes de la polic\u00eda adscritos a la Direcci\u00f3n de Seguridad P\u00fablica Municipal el modo en que un sujeto caus\u00f3 da\u00f1os a su veh\u00edculo.<br \/>\nComo resultado del accidente, su unidad termin\u00f3 con afectaciones del lado del espejo izquierdo.<br \/>\nAunque dijo conocer las generales del acusado, ante los oficiales \u00fanicamente lo identific\u00f3 como el chofer de una camioneta roja que luego de impactar, se fug\u00f3.<br \/>\nExplic\u00f3 que dentro de su coche se encontraban sus hijos, quienes fueron testigos de todo lo ocurrido.<br \/>\nElizabeth, quiso dejar asentado el percance antes de proceder por la v\u00eda legal contra \u201cel cafre\u201d.<\/p>\n","protected":false},"excerpt":{"rendered":"<p>Fue identificado por menores que estaban dentro del auto afectado Del equipo de redacci\u00f3n \u201cCafre del volante\u201d choc\u00f3 veh\u00edculo para de inmediato huir. Por fortuna dentro del carro da\u00f1ado se&#8230;<\/p>\n","protected":false},"author":1,"featured_media":0,"comment_status":"closed","ping_status":"open","sticky":false,"template":"","format":"standard","meta":{"footnotes":""},"categories":[3],"tags":[],"class_list":["post-1590","post","type-post","status-publish","format-standard","hentry","category-cerritos","entry","simple"],"_links":{"self":[{"href":"https:\/\/www.plurinominal.com.mx\/index.php?rest_route=\/wp\/v2\/posts\/1590","targetHints":{"allow":["GET"]}}],"collection":[{"href":"https:\/\/www.plurinominal.com.mx\/index.php?rest_route=\/wp\/v2\/posts"}],"about":[{"href":"https:\/\/www.plurinominal.com.mx\/index.php?rest_route=\/wp\/v2\/types\/post"}],"author":[{"embeddable":true,"href":"https:\/\/www.plurinominal.com.mx\/index.php?rest_route=\/wp\/v2\/users\/1"}],"replies":[{"embeddable":true,"href":"https:\/\/www.plurinominal.com.mx\/index.php?rest_route=%2Fwp%2Fv2%2Fcomments&post=1590"}],"version-history":[{"count":0,"href":"https:\/\/www.plurinominal.com.mx\/index.php?rest_route=\/wp\/v2\/posts\/1590\/revisions"}],"wp:attachment":[{"href":"https:\/\/www.plurinominal.com.mx\/index.php?rest_route=%2Fwp%2Fv2%2Fmedia&parent=1590"}],"wp:term":[{"taxonomy":"category","embeddable":true,"href":"https:\/\/www.plurinominal.com.mx\/index.php?rest_route=%2Fwp%2Fv2%2Fcategories&post=1590"},{"taxonomy":"post_tag","embeddable":true,"href":"https:\/\/www.plurinominal.com.mx\/index.php?rest_route=%2Fwp%2Fv2%2Ftags&post=1590"}],"curies":[{"name":"wp","href":"https:\/\/api.w.org\/{rel}","templated":true}]}}