{"id":1592,"date":"2011-12-29T17:16:18","date_gmt":"2011-12-29T23:16:18","guid":{"rendered":"http:\/\/www.plurinominal.com.mx\/?p=1592"},"modified":"2012-02-02T17:17:09","modified_gmt":"2012-02-02T23:17:09","slug":"invadieron-su-propiedad","status":"publish","type":"post","link":"https:\/\/www.plurinominal.com.mx\/?p=1592","title":{"rendered":"Invadieron su propiedad"},"content":{"rendered":"<p>Del equipo de redacci\u00f3n<br \/>\nPorque un vecino invadi\u00f3 parte de su propiedad, quien se dijo ofendido solicit\u00f3 la intervenci\u00f3n de la S\u00edndico Municipal.<br \/>\n27 de diciembre, fue la fecha que los polic\u00edas municipales recomendaron a Francisco Ostigu\u00edn Reyes de la calle Venustiano Carranza, (del n\u00famero 56), para que resolviera las diferencias que de acuerdo a su versi\u00f3n, tiene con su vecino, el Maestro Jos\u00e9 Javier L\u00f3pez.<br \/>\nExplic\u00f3 el supuesto ofendido, que todo deriva porque su acusado invade parte de su propiedad.<br \/>\nSe le dijo de entrada, que la polic\u00eda no pod\u00eda intervenir, pues todo parec\u00eda un problema de tipo civil, por el que las partes podr\u00edan acudir en demandas ante el juzgado mixto de primera instancia de este lugar.<br \/>\nLuego se logr\u00f3 convencer al afectado que podr\u00eda llegar a un convenio previa cita de su acusado ante la S\u00edndico Municipal.<\/p>\n","protected":false},"excerpt":{"rendered":"<p>Del equipo de redacci\u00f3n Porque un vecino invadi\u00f3 parte de su propiedad, quien se dijo ofendido solicit\u00f3 la intervenci\u00f3n de la S\u00edndico Municipal. 27 de diciembre, fue la fecha que&#8230;<\/p>\n","protected":false},"author":1,"featured_media":0,"comment_status":"closed","ping_status":"open","sticky":false,"template":"","format":"standard","meta":{"footnotes":""},"categories":[3],"tags":[],"class_list":["post-1592","post","type-post","status-publish","format-standard","hentry","category-cerritos","entry","simple"],"_links":{"self":[{"href":"https:\/\/www.plurinominal.com.mx\/index.php?rest_route=\/wp\/v2\/posts\/1592","targetHints":{"allow":["GET"]}}],"collection":[{"href":"https:\/\/www.plurinominal.com.mx\/index.php?rest_route=\/wp\/v2\/posts"}],"about":[{"href":"https:\/\/www.plurinominal.com.mx\/index.php?rest_route=\/wp\/v2\/types\/post"}],"author":[{"embeddable":true,"href":"https:\/\/www.plurinominal.com.mx\/index.php?rest_route=\/wp\/v2\/users\/1"}],"replies":[{"embeddable":true,"href":"https:\/\/www.plurinominal.com.mx\/index.php?rest_route=%2Fwp%2Fv2%2Fcomments&post=1592"}],"version-history":[{"count":0,"href":"https:\/\/www.plurinominal.com.mx\/index.php?rest_route=\/wp\/v2\/posts\/1592\/revisions"}],"wp:attachment":[{"href":"https:\/\/www.plurinominal.com.mx\/index.php?rest_route=%2Fwp%2Fv2%2Fmedia&parent=1592"}],"wp:term":[{"taxonomy":"category","embeddable":true,"href":"https:\/\/www.plurinominal.com.mx\/index.php?rest_route=%2Fwp%2Fv2%2Fcategories&post=1592"},{"taxonomy":"post_tag","embeddable":true,"href":"https:\/\/www.plurinominal.com.mx\/index.php?rest_route=%2Fwp%2Fv2%2Ftags&post=1592"}],"curies":[{"name":"wp","href":"https:\/\/api.w.org\/{rel}","templated":true}]}}