{"id":1598,"date":"2012-01-01T17:19:06","date_gmt":"2012-01-01T23:19:06","guid":{"rendered":"http:\/\/www.plurinominal.com.mx\/?p=1598"},"modified":"2012-02-02T17:19:27","modified_gmt":"2012-02-02T23:19:27","slug":"ministeriales-investigaron-a-una-persona-por-abigeato","status":"publish","type":"post","link":"https:\/\/www.plurinominal.com.mx\/?p=1598","title":{"rendered":"Ministeriales investigaron a una persona por \u201cabigeato\u201d"},"content":{"rendered":"<p>Comerciante estuvo detenido, pero se orden\u00f3 su liberaci\u00f3n<\/p>\n<p>Del equipo de redacci\u00f3n<br \/>\nPolic\u00edas del municipio registraron la detenci\u00f3n de una persona que fue capturada por agentes ministeriales.<br \/>\nSe le investig\u00f3 por su posible comisi\u00f3n del delito de abigeato, el que consiste en el hurto de ganado.<br \/>\nEn el mismo registro se tuvo conocimiento que el jefe de la polic\u00eda ministerial orden\u00f3 su liberaci\u00f3n horas despu\u00e9s de darse el arresto, por lo que han existido diferentes versiones.<br \/>\nHasta este 31 de diciembre, se desconoc\u00eda sobre la denuncia penal, aunque est\u00e1 inscrito que \u201cfue consignado\u201d.<br \/>\nPlurinominal supo del caso de Fernando Rosales, un taquero de la calle Rafael Nieto, \u2014 cuyo puesto se ubica casi en contra esquina de la central camionera\u2014, quien fue detenido el jueves 29 de diciembre por polic\u00edas ministeriales que trabajan en nuestro municipio, los que llevan a cabo una investigaci\u00f3n.<br \/>\nDentro de un libro donde se registra a los detenidos, existe el nombre de la persona con todos sus datos, hasta las pertenencias que fueron dejadas.<br \/>\nAl comerciante se le encerr\u00f3 en una celda. Se supone que ser\u00eda puesto a disposici\u00f3n del ministerio p\u00fablico, pero no fue as\u00ed.<br \/>\nCuando Plurinominal quiso conocer m\u00e1s a fondo sobre las indagatorias, los agentes se negaron a declarar.<br \/>\nDe acuerdo a la legislaci\u00f3n vigente, se sabe que el delito es grave.<br \/>\nSe desconoce si todo se trat\u00f3 de una equivocaci\u00f3n ya que el hombre logr\u00f3 su libertad.<br \/>\nA ciencia cierta no se sabe que recursos fueron los utilizados para evitar el proceso penal.<br \/>\nTrascendi\u00f3 que la orden de que fuera liberado la dio el propio jefe de la polic\u00eda ministerial. <\/p>\n","protected":false},"excerpt":{"rendered":"<p>Comerciante estuvo detenido, pero se orden\u00f3 su liberaci\u00f3n Del equipo de redacci\u00f3n Polic\u00edas del municipio registraron la detenci\u00f3n de una persona que fue capturada por agentes ministeriales. Se le investig\u00f3&#8230;<\/p>\n","protected":false},"author":1,"featured_media":0,"comment_status":"closed","ping_status":"open","sticky":false,"template":"","format":"standard","meta":{"footnotes":""},"categories":[3],"tags":[],"class_list":["post-1598","post","type-post","status-publish","format-standard","hentry","category-cerritos","entry","simple"],"_links":{"self":[{"href":"https:\/\/www.plurinominal.com.mx\/index.php?rest_route=\/wp\/v2\/posts\/1598","targetHints":{"allow":["GET"]}}],"collection":[{"href":"https:\/\/www.plurinominal.com.mx\/index.php?rest_route=\/wp\/v2\/posts"}],"about":[{"href":"https:\/\/www.plurinominal.com.mx\/index.php?rest_route=\/wp\/v2\/types\/post"}],"author":[{"embeddable":true,"href":"https:\/\/www.plurinominal.com.mx\/index.php?rest_route=\/wp\/v2\/users\/1"}],"replies":[{"embeddable":true,"href":"https:\/\/www.plurinominal.com.mx\/index.php?rest_route=%2Fwp%2Fv2%2Fcomments&post=1598"}],"version-history":[{"count":0,"href":"https:\/\/www.plurinominal.com.mx\/index.php?rest_route=\/wp\/v2\/posts\/1598\/revisions"}],"wp:attachment":[{"href":"https:\/\/www.plurinominal.com.mx\/index.php?rest_route=%2Fwp%2Fv2%2Fmedia&parent=1598"}],"wp:term":[{"taxonomy":"category","embeddable":true,"href":"https:\/\/www.plurinominal.com.mx\/index.php?rest_route=%2Fwp%2Fv2%2Fcategories&post=1598"},{"taxonomy":"post_tag","embeddable":true,"href":"https:\/\/www.plurinominal.com.mx\/index.php?rest_route=%2Fwp%2Fv2%2Ftags&post=1598"}],"curies":[{"name":"wp","href":"https:\/\/api.w.org\/{rel}","templated":true}]}}