{"id":1603,"date":"2012-01-01T17:21:03","date_gmt":"2012-01-01T23:21:03","guid":{"rendered":"http:\/\/www.plurinominal.com.mx\/?p=1603"},"modified":"2012-02-02T17:21:28","modified_gmt":"2012-02-02T23:21:28","slug":"detienen-a-sujeto-de-ojo-de-agua-por-raptar-a-menor-2","status":"publish","type":"post","link":"https:\/\/www.plurinominal.com.mx\/?p=1603","title":{"rendered":"Detienen a sujeto de Ojo de Agua por raptar a menor"},"content":{"rendered":"<p>Del equipo de redacci\u00f3n<br \/>\n\u2014De nombre \u201cDami\u00e1n\u201d\u2014, el sujeto fue acusado raptar a una menor de edad.<br \/>\nMaximino Garc\u00eda \u2014Juez Auxiliar de la comunidad de Ojo de Agua\u2014 fue conocedor del caso planteado este jueves 29 de Diciembre, el que le explic\u00f3 una menor que acudi\u00f3 a su domicilio en compa\u00f1\u00eda de su abuela y de las cuales por obvias razones se omiten sus generales.<br \/>\nLas quejosas aseguraron ante el Juez que \u201cla muchachita fue raptada por la fuerza\u201d, por ello Maximino Garc\u00eda determin\u00f3 pasar los hechos a la Agencia del Ministerio P\u00fablico de este municipio.<br \/>\nLa autoridad de Ojo de Agua, de antemano solicit\u00f3 la presencia del acusado. Al estar frente a sus denunciantes \u2014quienes primeramente lo se\u00f1alaron como abusador sexual\u2014 Dami\u00e1n hizo ver la relaci\u00f3n consentida que ten\u00eda con la afectada.<br \/>\nAs\u00ed fue como la abuela de la mujercita conoci\u00f3 a fondo la situaci\u00f3n de la pareja y solicit\u00f3 que el asunto se concluyera en la comunidad de donde todos son originarios.<br \/>\nAun as\u00ed, el pasado 30 de diciembre, las \u201cofendidas\u201d se hicieron presentes ante el Agente del Ministerio P\u00fablico (Licenciada Adriana Moya), quien gir\u00f3 instrucciones a los agentes ministeriales para que acudiera en busca del Juez Auxiliar de Ojo de Agua.<br \/>\n\u00c9ste explic\u00f3 que a petici\u00f3n de la parte afectada no pas\u00f3 el caso a la representaci\u00f3n social.<br \/>\nEl juez manifest\u00f3 a la Licenciada Adriana Moya, la existencia de un acta firmada por las partes en conflicto.<br \/>\nMaximino Garc\u00eda tendr\u00eda que presentarse con la documentaci\u00f3n respectiva, pero los documentos ya no fueron necesarios. Por la tarde del viernes los agentes de la polic\u00eda ministerial del estado detuvieron a \u00abDami\u00e1n\u201d.<br \/>\nEl detenido acept\u00f3 \u201cla reparaci\u00f3n del da\u00f1o\u201d y se libr\u00f3 de permanecer tras las rejas porque responder\u00eda como todo un hombre a la mujercita.<\/p>\n","protected":false},"excerpt":{"rendered":"<p>Del equipo de redacci\u00f3n \u2014De nombre \u201cDami\u00e1n\u201d\u2014, el sujeto fue acusado raptar a una menor de edad. Maximino Garc\u00eda \u2014Juez Auxiliar de la comunidad de Ojo de Agua\u2014 fue conocedor&#8230;<\/p>\n","protected":false},"author":1,"featured_media":0,"comment_status":"closed","ping_status":"open","sticky":false,"template":"","format":"standard","meta":{"footnotes":""},"categories":[3],"tags":[],"class_list":["post-1603","post","type-post","status-publish","format-standard","hentry","category-cerritos","entry","simple"],"_links":{"self":[{"href":"https:\/\/www.plurinominal.com.mx\/index.php?rest_route=\/wp\/v2\/posts\/1603","targetHints":{"allow":["GET"]}}],"collection":[{"href":"https:\/\/www.plurinominal.com.mx\/index.php?rest_route=\/wp\/v2\/posts"}],"about":[{"href":"https:\/\/www.plurinominal.com.mx\/index.php?rest_route=\/wp\/v2\/types\/post"}],"author":[{"embeddable":true,"href":"https:\/\/www.plurinominal.com.mx\/index.php?rest_route=\/wp\/v2\/users\/1"}],"replies":[{"embeddable":true,"href":"https:\/\/www.plurinominal.com.mx\/index.php?rest_route=%2Fwp%2Fv2%2Fcomments&post=1603"}],"version-history":[{"count":0,"href":"https:\/\/www.plurinominal.com.mx\/index.php?rest_route=\/wp\/v2\/posts\/1603\/revisions"}],"wp:attachment":[{"href":"https:\/\/www.plurinominal.com.mx\/index.php?rest_route=%2Fwp%2Fv2%2Fmedia&parent=1603"}],"wp:term":[{"taxonomy":"category","embeddable":true,"href":"https:\/\/www.plurinominal.com.mx\/index.php?rest_route=%2Fwp%2Fv2%2Fcategories&post=1603"},{"taxonomy":"post_tag","embeddable":true,"href":"https:\/\/www.plurinominal.com.mx\/index.php?rest_route=%2Fwp%2Fv2%2Ftags&post=1603"}],"curies":[{"name":"wp","href":"https:\/\/api.w.org\/{rel}","templated":true}]}}