{"id":1609,"date":"2012-01-02T17:23:16","date_gmt":"2012-01-02T23:23:16","guid":{"rendered":"http:\/\/www.plurinominal.com.mx\/?p=1609"},"modified":"2012-02-02T17:23:36","modified_gmt":"2012-02-02T23:23:36","slug":"la-noche-del-31-hubo-relevo-en-los-juzgados-auxiliares-de-cada-comunidad","status":"publish","type":"post","link":"https:\/\/www.plurinominal.com.mx\/?p=1609","title":{"rendered":"La noche del 31 hubo relevo en los Juzgados Auxiliares de cada comunidad"},"content":{"rendered":"<p>Previamente se hicieron reuniones para escoger a las ternas<\/p>\n<p>Ma. del Carmen V.<br \/>\nLa noche del pasado s\u00e1bado 31 de diciembre, se llev\u00f3 a cabo el relevo de Jueces Auxiliares en cada comunidad, ya que la Comisi\u00f3n concluy\u00f3 con el a\u00f1o civil.<br \/>\nCon 15 d\u00edas de anticipaci\u00f3n, la Presidencia Municipal a trav\u00e9s de Miguel \u00c1ngel Balderas entreg\u00f3 los comunicados donde se mencionaba que el Poder Judicial del Estado y el Consejo de la Judicatura del Estado ordenaban la realizaci\u00f3n de asambleas para escoger las ternas que fungir\u00edan como Jueces Auxiliares durante el pr\u00f3ximo a\u00f1o.<br \/>\nEn cada comunidad los jueces realizaron las reuniones correspondientes para qu\u00e9 la asamblea nombrara a quienes resguardar\u00e1n el orden durante el 2012.<br \/>\nAlgunos de los funcionarios, explicaron a Plurinominal que ya hab\u00edan escogido a quienes fungir\u00edan como jueces en sus comunidades, pero desconoc\u00edan en qu\u00e9 momento les entregar\u00e1n los nombramientos.<br \/>\nReconocieron que jur\u00eddicamente ellos concluyen su mandato la noche del 31 de diciembre.<br \/>\nAgregaron que existe cierta reticencia entre personas de sus comunidades, ya que el cargo es rechazado, pues algunos lo consideran como \u00bb puros problemas\u00bb.<br \/>\nInformaron, que como jueces auxiliares no reciben ninguna retribuci\u00f3n econ\u00f3mica, en cambio tienen que atender todos los asuntos que se presenten y en ocasiones pierden d\u00edas enteros, lo que perjudica la econom\u00eda de su familia.<br \/>\nLos jueces dijeron, que a veces se cree que el cargo depende de la Presidencia Municipal, lo que es un error ya que es un nombramiento que otorga el Consejo de la Judicatura del Estado, de donde son auxiliares.<br \/>\nCada Juez debe de ser informado sobre las acciones que realizan las corporaciones polic\u00edacas en su comunidad, asimismo debe de tomar conocimiento de los hechos que transgredan el orden social de su entorno.<br \/>\nEn esta ocasi\u00f3n, el ordenamiento para la realizaci\u00f3n de asambleas se entreg\u00f3 personalmente y aquellos que no fueron encontrados, se les cit\u00f3 para qu\u00e9 en esta cabecera municipal lo recibieran personalmente. <\/p>\n","protected":false},"excerpt":{"rendered":"<p>Previamente se hicieron reuniones para escoger a las ternas Ma. del Carmen V. La noche del pasado s\u00e1bado 31 de diciembre, se llev\u00f3 a cabo el relevo de Jueces Auxiliares&#8230;<\/p>\n","protected":false},"author":1,"featured_media":0,"comment_status":"closed","ping_status":"open","sticky":false,"template":"","format":"standard","meta":{"footnotes":""},"categories":[3],"tags":[],"class_list":["post-1609","post","type-post","status-publish","format-standard","hentry","category-cerritos","entry","simple"],"_links":{"self":[{"href":"https:\/\/www.plurinominal.com.mx\/index.php?rest_route=\/wp\/v2\/posts\/1609","targetHints":{"allow":["GET"]}}],"collection":[{"href":"https:\/\/www.plurinominal.com.mx\/index.php?rest_route=\/wp\/v2\/posts"}],"about":[{"href":"https:\/\/www.plurinominal.com.mx\/index.php?rest_route=\/wp\/v2\/types\/post"}],"author":[{"embeddable":true,"href":"https:\/\/www.plurinominal.com.mx\/index.php?rest_route=\/wp\/v2\/users\/1"}],"replies":[{"embeddable":true,"href":"https:\/\/www.plurinominal.com.mx\/index.php?rest_route=%2Fwp%2Fv2%2Fcomments&post=1609"}],"version-history":[{"count":0,"href":"https:\/\/www.plurinominal.com.mx\/index.php?rest_route=\/wp\/v2\/posts\/1609\/revisions"}],"wp:attachment":[{"href":"https:\/\/www.plurinominal.com.mx\/index.php?rest_route=%2Fwp%2Fv2%2Fmedia&parent=1609"}],"wp:term":[{"taxonomy":"category","embeddable":true,"href":"https:\/\/www.plurinominal.com.mx\/index.php?rest_route=%2Fwp%2Fv2%2Fcategories&post=1609"},{"taxonomy":"post_tag","embeddable":true,"href":"https:\/\/www.plurinominal.com.mx\/index.php?rest_route=%2Fwp%2Fv2%2Ftags&post=1609"}],"curies":[{"name":"wp","href":"https:\/\/api.w.org\/{rel}","templated":true}]}}