{"id":1614,"date":"2011-12-31T17:25:08","date_gmt":"2011-12-31T23:25:08","guid":{"rendered":"http:\/\/www.plurinominal.com.mx\/?p=1614"},"modified":"2012-02-02T17:25:34","modified_gmt":"2012-02-02T23:25:34","slug":"no-hay-equidad-en-el-proceso-interno-de-accion-nacional-consideran","status":"publish","type":"post","link":"https:\/\/www.plurinominal.com.mx\/?p=1614","title":{"rendered":"No hay equidad en el proceso interno de Acci\u00f3n Nacional, consideran"},"content":{"rendered":"<p>Ma. del Carmen V; equipo de redacci\u00f3n<br \/>\n\u201cInequidad en el proceso\u201d, y la supuesta promoci\u00f3n de un candidato durante la \u201cPosada Azul\u201d, denunci\u00f3 un grupo de panistas a esta reportera de Plurinominal.<br \/>\nIndicaron que durante el evento, miembros de Acci\u00f3n Nacional tomaron la palabra, entre ellos el ex Presidente Municipal de San Luis Potos\u00ed, Octavio Pedroza Gayt\u00e1n. Lo mismo sucedi\u00f3 con un ex delegado de la Pila que fue suplente de Sonia Mendoza, Felipe \u00c1vila, de Rioverde, quien busca la Diputaci\u00f3n Federal y un profesionista aspirante a la candidatura a la Presidencia Municipal.<br \/>\nLa inconformidad de los panistas declarantes, estriba en que no le dieron la misma oportunidad al Ingeniero Gregorio Carbajal S\u00e1nchez para dirigirse a todas las personas que se reunieron durante la posada.<br \/>\nReconocieron que los precandidatos aprovechan las fiestas para promoverse, \u2014ese es el sentir de los panistas\u2014, adem\u00e1s reconocieron que Octavio Pedroza Gayt\u00e1n, \u00abhabla muy bien\u00bb.<br \/>\nEntre los seguidores de Carbajal S\u00e1nchez, aun persiste el temor de que puedan ser v\u00edctimas de \u201calguna jugada\u201d, para dejarlo fuera de la candidatura.<br \/>\nArgumentaron sus seguidores que ya con anterioridad dirigieron un escrito al Comit\u00e9 Estatal donde hacen ver su decisi\u00f3n de apoyar hasta las \u00faltimas consecuencias al Ingeniero, por eso el CDE ya est\u00e1 enterado de lo que puede suceder en caso de que existan anomal\u00edas, las que siempre ha negado el grupo opositor. <\/p>\n","protected":false},"excerpt":{"rendered":"<p>Ma. del Carmen V; equipo de redacci\u00f3n \u201cInequidad en el proceso\u201d, y la supuesta promoci\u00f3n de un candidato durante la \u201cPosada Azul\u201d, denunci\u00f3 un grupo de panistas a esta reportera&#8230;<\/p>\n","protected":false},"author":1,"featured_media":0,"comment_status":"closed","ping_status":"open","sticky":false,"template":"","format":"standard","meta":{"footnotes":""},"categories":[3],"tags":[],"class_list":["post-1614","post","type-post","status-publish","format-standard","hentry","category-cerritos","entry","simple"],"_links":{"self":[{"href":"https:\/\/www.plurinominal.com.mx\/index.php?rest_route=\/wp\/v2\/posts\/1614","targetHints":{"allow":["GET"]}}],"collection":[{"href":"https:\/\/www.plurinominal.com.mx\/index.php?rest_route=\/wp\/v2\/posts"}],"about":[{"href":"https:\/\/www.plurinominal.com.mx\/index.php?rest_route=\/wp\/v2\/types\/post"}],"author":[{"embeddable":true,"href":"https:\/\/www.plurinominal.com.mx\/index.php?rest_route=\/wp\/v2\/users\/1"}],"replies":[{"embeddable":true,"href":"https:\/\/www.plurinominal.com.mx\/index.php?rest_route=%2Fwp%2Fv2%2Fcomments&post=1614"}],"version-history":[{"count":0,"href":"https:\/\/www.plurinominal.com.mx\/index.php?rest_route=\/wp\/v2\/posts\/1614\/revisions"}],"wp:attachment":[{"href":"https:\/\/www.plurinominal.com.mx\/index.php?rest_route=%2Fwp%2Fv2%2Fmedia&parent=1614"}],"wp:term":[{"taxonomy":"category","embeddable":true,"href":"https:\/\/www.plurinominal.com.mx\/index.php?rest_route=%2Fwp%2Fv2%2Fcategories&post=1614"},{"taxonomy":"post_tag","embeddable":true,"href":"https:\/\/www.plurinominal.com.mx\/index.php?rest_route=%2Fwp%2Fv2%2Ftags&post=1614"}],"curies":[{"name":"wp","href":"https:\/\/api.w.org\/{rel}","templated":true}]}}