{"id":162,"date":"2011-10-31T01:54:02","date_gmt":"2011-10-31T01:54:02","guid":{"rendered":"http:\/\/www.plurinominal.com.mx\/?p=162"},"modified":"2011-11-05T01:54:45","modified_gmt":"2011-11-05T01:54:45","slug":"simples-especulaciones","status":"publish","type":"post","link":"https:\/\/www.plurinominal.com.mx\/?p=162","title":{"rendered":"Simples especulaciones"},"content":{"rendered":"<p>Por equipo de redacci\u00f3n y M.D.C.Valero<br \/>\nEl tiempo es corto. Los precandidatos ya iniciaron su campa\u00f1a y la ciudadan\u00eda especula sobre cada uno.<br \/>\nAlgo es evidente, surgir\u00e1n los rompimientos por inconformidades al no lograrse las nominaciones, porque los acuerdos internos ya se hubieran dado.<br \/>\nEs en un restaurant donde muy temprano se tocan temas sobre pol\u00edtica local, pero de lo mismo habla la ciudadan\u00eda en general.<br \/>\nTodos coinciden en que de aqu\u00ed a diciembre, \u201cser\u00e1n meras suposiciones\u201d.<br \/>\nAnte Plurinominal se ha se\u00f1alado que dentro del Partido Acci\u00f3n Nacional el grupo de la se\u00f1ora Aurelia Orozco Reyes \u201ces el que controla\u201d.<br \/>\nLo anterior permite suponer que el Licenciado Arturo Narv\u00e1ez podr\u00eda ser el candidato de Acci\u00f3n Nacional.<br \/>\nSin embargo cada vez se unen m\u00e1s activos al Ingeniero Gregorio Carbajal S\u00e1nchez, quienes aseguran contar con la mayor\u00eda y as\u00ed cada grupo habla a su favor. La gente del Notario ha sido la que menos declaraciones ha hecho a la prensa.<br \/>\nEn el caso del \u201cempresario del amaranto\u201d, Julio Reyes Guzm\u00e1n, se ha se\u00f1alado que se trata del proyecto de Manuel D\u00edaz Olavide, as\u00ed como del ex Presidente de Acci\u00f3n Nacional Mario Ruiz.<br \/>\nAl productor se le critica que no es miembro adherente de ese partido y no se cree que los activos le otorguen su apoyo.<br \/>\nEl Partido Revolucionario Institucional en la actualidad est\u00e1 controlado por Rodolfo Gallegos y Rosario Torres. De acuerdo a como se encuentran colocadas las cosas, todo hace suponer que el candidato  ser\u00e1 nuevamente el Profesor Jorge Luis Quintero Lu\u00e9vano.<br \/>\nTambi\u00e9n podr\u00edan figurar la Profesora Francisca Alvarado, la Licenciada Leticia V\u00e1zquez Hern\u00e1ndez, Federico Castillo Vera y Antonio Castillo.<br \/>\nAl Profesor Pablo S\u00e1nchez Turrubiartes, se le ha visto con algunos ex Presidentes Municipales. \u00c9l no ha mencionado nada sobre sus aspiraciones y se ignora el rumbo que tomar\u00e1 su grupo. La organizaci\u00f3n Democracia Social convoc\u00f3 a un evento plural el lunes 24 de Octubre, al que asistieron personas de distinta ideolog\u00eda menos los dirigentes del mismo PRI.<br \/>\nEn el tricolor se habla de un supuesto rompimiento entre la actual dirigencia y el grupo de los ex presidentes municipales, pero ante la prensa local nadie ha querido declarar nada al respecto.<br \/>\nTanto en Acci\u00f3n Nacional y en el Revolucionario Institucional, existen serias amenazas de inconformidad de algunos de los que se manejan como precandidatos.<br \/>\nNadie descarta que m\u00e1s de alguno, al no obtener la nominaci\u00f3n crear\u00e1 un posible cisma al interior de los partidos y marchar\u00e1 con su gente a otro instituto pol\u00edtico.<br \/>\nPor ejemplo, los seguidores de Carbajal, han declarado que de no lograr la candidatura el Ingeniero, abandonar\u00e1n las filas del PAN.<br \/>\nEl Partido Convergencia, Nueva Alianza (PANAL) y hasta el Verde Ecologista son algunas opciones que existen en la localidad a diferencia de otras \u00e9pocas donde todo se centraba en 3 partidos (PRI- PAN y PRD).<br \/>\nPero la situaci\u00f3n de rompimiento se nota m\u00e1s grave en el Partido Revolucionario Institucional, pues muchos no estar\u00e1n de acuerdo con la nominaci\u00f3n del Profesor Jorge Luis Quintero Lu\u00e9vano, tal como ocurri\u00f3 la vez anterior. El desenlace ya lo sabemos.<br \/>\nEl Partido Verde Ecologista, actualmente es dirigido por Carlos Ruiz \u2014un ex pri\u00edsta\u2014, mientras que el PANAL podr\u00eda postular al Profesor Enrique Rodr\u00edguez Uresti.<br \/>\nEl maestro, por muchos a\u00f1os milit\u00f3 dentro del PRI y ahora se concreta a \u201cseguir \u00f3rdenes de sus superiores, lo que muchos no entienden\u201d. As\u00ed lo dijo en alguna ocasi\u00f3n a la directiva de este medio.<br \/>\nDentro del Partido de la Revoluci\u00f3n Democr\u00e1tica (PRD),<br \/>\nNadie ha confirmado las pretensiones de \u201cTico\u201d Mart\u00ednez, pero a finales de mayo, Jes\u00fas Ernesto V\u00e1zquez, manifest\u00f3 que \u201ces tiempo de darle espacio a las caras nuevas y j\u00f3venes dentro del Partido\u201d, dejando clara su intenci\u00f3n de contender por la precandidatura del PRD.<br \/>\nPor su parte, el actual presidente del partido amarillo, Jorge Esquivel se nota interesado en conseguir una coalici\u00f3n. Hasta ahora el partido se ha fragmentado y desde las altas esferas vive serios problemas. A nivel local existe la posibilidad de que vaya en alianza con el Partido del Trabajo y Convergencia.<br \/>\nEl Profesor Enrique Rodr\u00edguez Uresti, podr\u00eda contender por el PANAL. En dos ocasiones el ex Diputado Federal ha demostrado que tiene seguidores en el municipio, pues al participar como candidato, ha obtenido m\u00e1s votos que el triunfador por la Presidencia Municipal.<br \/>\nEn la pasada reuni\u00f3n del Partido Revolucionario Institucional, Jorge Luis Quintero Lu\u00e9vano hizo alusi\u00f3n a que \u201cno se deb\u00eda permitir la llegada de un candidato externo\u201d, lo que calific\u00f3 como \u00abuna imposici\u00f3n\u00bb.<br \/>\nLos cr\u00edticos locales, mencionan que el \u00fanico que puede desbancar su candidatura, es Rodr\u00edguez Uresti.<br \/>\nHasta ahora, Conciencia Popular es \u201cpropuesta desierta\u201d, ya que al menos en el municipio no se ve un promotor de ese partido pol\u00edtico, pero de \u00faltimo momento puede surgir alg\u00fan abanderado, \u00abaunque sea para levantar polvo\u00bb.<br \/>\nMiguel \u00c1ngel Ruiz, podr\u00eda representar al \u201cVerde Ecologista de M\u00e9xico\u201d, aunque tambi\u00e9n se sabe que el Profesor Isidro Alejos no descarta la idea. Aun no se han revelado los acuerdos internos de esa agrupaci\u00f3n reciente que ha apoyado a deportistas y estudiantes del municipio.<br \/>\nEn Cerritos, una nueva historia est\u00e1 por escribirse, pero hasta ahora, solo simples especulaciones invaden la cabecera.<\/p>\n","protected":false},"excerpt":{"rendered":"<p>Por equipo de redacci\u00f3n y M.D.C.Valero El tiempo es corto. Los precandidatos ya iniciaron su campa\u00f1a y la ciudadan\u00eda especula sobre cada uno. Algo es evidente, surgir\u00e1n los rompimientos por&#8230;<\/p>\n","protected":false},"author":1,"featured_media":0,"comment_status":"closed","ping_status":"open","sticky":false,"template":"","format":"standard","meta":{"footnotes":""},"categories":[5],"tags":[38,58,36,52,37,39],"class_list":["post-162","post","type-post","status-publish","format-standard","hentry","category-opinion","tag-convergencia","tag-pan","tag-prd","tag-pri","tag-pt","tag-verde-ecologista","entry","simple"],"_links":{"self":[{"href":"https:\/\/www.plurinominal.com.mx\/index.php?rest_route=\/wp\/v2\/posts\/162","targetHints":{"allow":["GET"]}}],"collection":[{"href":"https:\/\/www.plurinominal.com.mx\/index.php?rest_route=\/wp\/v2\/posts"}],"about":[{"href":"https:\/\/www.plurinominal.com.mx\/index.php?rest_route=\/wp\/v2\/types\/post"}],"author":[{"embeddable":true,"href":"https:\/\/www.plurinominal.com.mx\/index.php?rest_route=\/wp\/v2\/users\/1"}],"replies":[{"embeddable":true,"href":"https:\/\/www.plurinominal.com.mx\/index.php?rest_route=%2Fwp%2Fv2%2Fcomments&post=162"}],"version-history":[{"count":0,"href":"https:\/\/www.plurinominal.com.mx\/index.php?rest_route=\/wp\/v2\/posts\/162\/revisions"}],"wp:attachment":[{"href":"https:\/\/www.plurinominal.com.mx\/index.php?rest_route=%2Fwp%2Fv2%2Fmedia&parent=162"}],"wp:term":[{"taxonomy":"category","embeddable":true,"href":"https:\/\/www.plurinominal.com.mx\/index.php?rest_route=%2Fwp%2Fv2%2Fcategories&post=162"},{"taxonomy":"post_tag","embeddable":true,"href":"https:\/\/www.plurinominal.com.mx\/index.php?rest_route=%2Fwp%2Fv2%2Ftags&post=162"}],"curies":[{"name":"wp","href":"https:\/\/api.w.org\/{rel}","templated":true}]}}