{"id":1620,"date":"2012-01-01T17:28:41","date_gmt":"2012-01-01T23:28:41","guid":{"rendered":"http:\/\/www.plurinominal.com.mx\/?p=1620"},"modified":"2012-02-02T17:29:02","modified_gmt":"2012-02-02T23:29:02","slug":"ninos-callejeros-fueron-llevados-a-su-domicilio","status":"publish","type":"post","link":"https:\/\/www.plurinominal.com.mx\/?p=1620","title":{"rendered":"Ni\u00f1os callejeros fueron llevados a su domicilio"},"content":{"rendered":"<p>Del equipo de redacci\u00f3n<br \/>\nDos ni\u00f1os callejeros fueron levantados por la polic\u00eda del municipio debido a que se les vio a altas horas de la noche sobre las calles de Cerritos.<br \/>\nViviano Torres, es el nombre del se\u00f1or que dio aviso a la municipal a las 23:57 PM del pasado 30 de diciembre.<br \/>\nEn la esquina que conforman las calles Mat\u00edas de \u00c1vila y Abasolo, estaban los 2 ni\u00f1os a quienes se les ve com\u00fanmente pidiendo dinero y echando relajo sobre la v\u00eda p\u00fablica cerritense.<br \/>\nBryan Mireles Gonz\u00e1lez, de 11 a\u00f1os, as\u00ed como Juan Jos\u00e9 Mireles Gonz\u00e1lez, de 7, fueron llevados en la patrulla 07 al n\u00famero 27 de la calle Reforma, en la colonia Sat\u00e9lite, porque all\u00ed se supo que ten\u00edan familiares.<br \/>\nDijeron los polic\u00edas, que los peque\u00f1ines han dado muestras de que les gusta andar de vagos a pesar de su corta edad.<\/p>\n","protected":false},"excerpt":{"rendered":"<p>Del equipo de redacci\u00f3n Dos ni\u00f1os callejeros fueron levantados por la polic\u00eda del municipio debido a que se les vio a altas horas de la noche sobre las calles de&#8230;<\/p>\n","protected":false},"author":1,"featured_media":0,"comment_status":"closed","ping_status":"open","sticky":false,"template":"","format":"standard","meta":{"footnotes":""},"categories":[3],"tags":[],"class_list":["post-1620","post","type-post","status-publish","format-standard","hentry","category-cerritos","entry","simple"],"_links":{"self":[{"href":"https:\/\/www.plurinominal.com.mx\/index.php?rest_route=\/wp\/v2\/posts\/1620","targetHints":{"allow":["GET"]}}],"collection":[{"href":"https:\/\/www.plurinominal.com.mx\/index.php?rest_route=\/wp\/v2\/posts"}],"about":[{"href":"https:\/\/www.plurinominal.com.mx\/index.php?rest_route=\/wp\/v2\/types\/post"}],"author":[{"embeddable":true,"href":"https:\/\/www.plurinominal.com.mx\/index.php?rest_route=\/wp\/v2\/users\/1"}],"replies":[{"embeddable":true,"href":"https:\/\/www.plurinominal.com.mx\/index.php?rest_route=%2Fwp%2Fv2%2Fcomments&post=1620"}],"version-history":[{"count":0,"href":"https:\/\/www.plurinominal.com.mx\/index.php?rest_route=\/wp\/v2\/posts\/1620\/revisions"}],"wp:attachment":[{"href":"https:\/\/www.plurinominal.com.mx\/index.php?rest_route=%2Fwp%2Fv2%2Fmedia&parent=1620"}],"wp:term":[{"taxonomy":"category","embeddable":true,"href":"https:\/\/www.plurinominal.com.mx\/index.php?rest_route=%2Fwp%2Fv2%2Fcategories&post=1620"},{"taxonomy":"post_tag","embeddable":true,"href":"https:\/\/www.plurinominal.com.mx\/index.php?rest_route=%2Fwp%2Fv2%2Ftags&post=1620"}],"curies":[{"name":"wp","href":"https:\/\/api.w.org\/{rel}","templated":true}]}}