{"id":1624,"date":"2012-01-03T17:30:07","date_gmt":"2012-01-03T23:30:07","guid":{"rendered":"http:\/\/www.plurinominal.com.mx\/?p=1624"},"modified":"2012-02-02T17:30:43","modified_gmt":"2012-02-02T23:30:43","slug":"detuvieron-a-carnicero-por-escandalizar-en-el-mercado","status":"publish","type":"post","link":"https:\/\/www.plurinominal.com.mx\/?p=1624","title":{"rendered":"Detuvieron a carnicero por escandalizar en el mercado"},"content":{"rendered":"<p>Del equipo de redacci\u00f3n<br \/>\nCarnicero que escandalizaba en el mercado municipal fue detenido, siendo \u00e9ste el \u00faltimo de los encarcelados en 2011.<br \/>\nJuan Jos\u00e9 Dimas Orozco, de 40 a\u00f1os es un trabajador del rastro municipal, que incomod\u00f3 a los vecinos del sector, quienes solicitaron la presencia de polic\u00edas.<br \/>\nA las 18:56 horas del 31 de diciembre, Dimas fue puesto tras las rejas.<br \/>\nA su llegada a la Direcci\u00f3n de Seguridad, el hombre se puso agresivo y se neg\u00f3 a cooperar con los guardianes del orden.<br \/>\nPor fortuna, el carnicero logr\u00f3 su libertad porque antes de la media noche, uno de sus compa\u00f1eros de trabajo pag\u00f3 la multa administrativa para que no empezara el a\u00f1o nuevo en la c\u00e1rcel.<\/p>\n","protected":false},"excerpt":{"rendered":"<p>Del equipo de redacci\u00f3n Carnicero que escandalizaba en el mercado municipal fue detenido, siendo \u00e9ste el \u00faltimo de los encarcelados en 2011. Juan Jos\u00e9 Dimas Orozco, de 40 a\u00f1os es&#8230;<\/p>\n","protected":false},"author":1,"featured_media":0,"comment_status":"closed","ping_status":"open","sticky":false,"template":"","format":"standard","meta":{"footnotes":""},"categories":[3],"tags":[],"class_list":["post-1624","post","type-post","status-publish","format-standard","hentry","category-cerritos","entry","simple"],"_links":{"self":[{"href":"https:\/\/www.plurinominal.com.mx\/index.php?rest_route=\/wp\/v2\/posts\/1624","targetHints":{"allow":["GET"]}}],"collection":[{"href":"https:\/\/www.plurinominal.com.mx\/index.php?rest_route=\/wp\/v2\/posts"}],"about":[{"href":"https:\/\/www.plurinominal.com.mx\/index.php?rest_route=\/wp\/v2\/types\/post"}],"author":[{"embeddable":true,"href":"https:\/\/www.plurinominal.com.mx\/index.php?rest_route=\/wp\/v2\/users\/1"}],"replies":[{"embeddable":true,"href":"https:\/\/www.plurinominal.com.mx\/index.php?rest_route=%2Fwp%2Fv2%2Fcomments&post=1624"}],"version-history":[{"count":0,"href":"https:\/\/www.plurinominal.com.mx\/index.php?rest_route=\/wp\/v2\/posts\/1624\/revisions"}],"wp:attachment":[{"href":"https:\/\/www.plurinominal.com.mx\/index.php?rest_route=%2Fwp%2Fv2%2Fmedia&parent=1624"}],"wp:term":[{"taxonomy":"category","embeddable":true,"href":"https:\/\/www.plurinominal.com.mx\/index.php?rest_route=%2Fwp%2Fv2%2Fcategories&post=1624"},{"taxonomy":"post_tag","embeddable":true,"href":"https:\/\/www.plurinominal.com.mx\/index.php?rest_route=%2Fwp%2Fv2%2Ftags&post=1624"}],"curies":[{"name":"wp","href":"https:\/\/api.w.org\/{rel}","templated":true}]}}