{"id":166,"date":"2011-10-27T01:56:10","date_gmt":"2011-10-27T01:56:10","guid":{"rendered":"http:\/\/www.plurinominal.com.mx\/?p=166"},"modified":"2011-11-05T01:57:07","modified_gmt":"2011-11-05T01:57:07","slug":"escasa-%e2%80%9ctransparencia%e2%80%9d-en-la-pagina-web-del-h-ayuntamiento-de-guadalcazar","status":"publish","type":"post","link":"https:\/\/www.plurinominal.com.mx\/?p=166","title":{"rendered":"Escasa \u201ctransparencia\u201d en la p\u00e1gina web del H. Ayuntamiento de Guadalc\u00e1zar"},"content":{"rendered":"<p>Marco Serna<br \/>\nLa p\u00e1gina web de municipio de Guadalc\u00e1zar, incumple los requisitos solicitados por la Comisi\u00f3n Estatal de Garant\u00eda y Acceso a la Informaci\u00f3n P\u00fablica.<br \/>\nEl propio apartado de \u201ctransparencia\u201d s\u00f3lo contiene un link de enlace a algunas dependencias de gobierno.<br \/>\nA diferencia de Cerritos y Villa Ju\u00e1rez, la p\u00e1gina del ayuntamiento de Guadalc\u00e1zar, (http:\/\/www.guadalcazarslp.gob.mx\/) contiene informaci\u00f3n que consiste en la monograf\u00eda del municipio, usos de suelo, historial de presidentes, noticias locales, clima, beisbol, programas de apoyo y un foro, entre otros temas, pero deja mucho que desear si se trata de conocer con detalle las cifras de la cuenta p\u00fablica, el plan de desarrollo, las actas de cabildo, contratos, los servicios o mantenimiento del equipo de c\u00f3mputo.<br \/>\nEn este aspecto, el municipio cerritense se encuentra por encima, pues todos estos datos est\u00e1n al alcance del p\u00fablico en general.<br \/>\nPor lo visto los ciudadanos de Guadalc\u00e1zar, tienen que conocer sobre la \u201cgu\u00eda m\u00ednima de organizaci\u00f3n de archivos p\u00fablicos\u201d, o solicitar un nombre de usuario y contrase\u00f1a para pedir a trav\u00e9s del sistema \u201cInfomex\u201d la informaci\u00f3n p\u00fablica que por derecho les corresponde, pues en esa p\u00e1gina de internet es lo que se observa en el apartado de transparencia.<br \/>\nSeg\u00fan datos del archivo de Plurinominal, en noviembre de 2010, Guadalc\u00e1zar se coloc\u00f3 entre los 22 municipios que incumplieron con la ley de Transparencia.<br \/>\nEn esa ocasi\u00f3n \u00c1lvaro Gustavo Jim\u00e9nez Reyes, \u2014alcalde\u2014, fue sancionado con 18 mil 866 pesos por no difundir en el portal electr\u00f3nicos la informaci\u00f3n de oficio que exige la norma de la CEGAIP.<\/p>\n","protected":false},"excerpt":{"rendered":"<p>Marco Serna La p\u00e1gina web de municipio de Guadalc\u00e1zar, incumple los requisitos solicitados por la Comisi\u00f3n Estatal de Garant\u00eda y Acceso a la Informaci\u00f3n P\u00fablica. El propio apartado de \u201ctransparencia\u201d&#8230;<\/p>\n","protected":false},"author":1,"featured_media":0,"comment_status":"closed","ping_status":"open","sticky":false,"template":"","format":"standard","meta":{"footnotes":""},"categories":[6],"tags":[112,114,113],"class_list":["post-166","post","type-post","status-publish","format-standard","hentry","category-guadalcazar","tag-cegaip","tag-pagina-web","tag-tranparencia","entry","simple"],"_links":{"self":[{"href":"https:\/\/www.plurinominal.com.mx\/index.php?rest_route=\/wp\/v2\/posts\/166","targetHints":{"allow":["GET"]}}],"collection":[{"href":"https:\/\/www.plurinominal.com.mx\/index.php?rest_route=\/wp\/v2\/posts"}],"about":[{"href":"https:\/\/www.plurinominal.com.mx\/index.php?rest_route=\/wp\/v2\/types\/post"}],"author":[{"embeddable":true,"href":"https:\/\/www.plurinominal.com.mx\/index.php?rest_route=\/wp\/v2\/users\/1"}],"replies":[{"embeddable":true,"href":"https:\/\/www.plurinominal.com.mx\/index.php?rest_route=%2Fwp%2Fv2%2Fcomments&post=166"}],"version-history":[{"count":0,"href":"https:\/\/www.plurinominal.com.mx\/index.php?rest_route=\/wp\/v2\/posts\/166\/revisions"}],"wp:attachment":[{"href":"https:\/\/www.plurinominal.com.mx\/index.php?rest_route=%2Fwp%2Fv2%2Fmedia&parent=166"}],"wp:term":[{"taxonomy":"category","embeddable":true,"href":"https:\/\/www.plurinominal.com.mx\/index.php?rest_route=%2Fwp%2Fv2%2Fcategories&post=166"},{"taxonomy":"post_tag","embeddable":true,"href":"https:\/\/www.plurinominal.com.mx\/index.php?rest_route=%2Fwp%2Fv2%2Ftags&post=166"}],"curies":[{"name":"wp","href":"https:\/\/api.w.org\/{rel}","templated":true}]}}