{"id":168,"date":"2011-10-27T01:57:19","date_gmt":"2011-10-27T01:57:19","guid":{"rendered":"http:\/\/www.plurinominal.com.mx\/?p=168"},"modified":"2011-11-05T01:57:53","modified_gmt":"2011-11-05T01:57:53","slug":"implementan-programa-%e2%80%9cver-bien-para-aprender-mejor%e2%80%9d-en-escuelas-de-villa-juarez","status":"publish","type":"post","link":"https:\/\/www.plurinominal.com.mx\/?p=168","title":{"rendered":"Implementan programa \u201cVer bien para aprender mejor\u201d en escuelas de Villa Ju\u00e1rez"},"content":{"rendered":"<p>Beneficiar\u00e1 a alumnos que cuenten con alguna deficiencia visual<\/p>\n<p>To\u00f1o R.<br \/>\nAlumnos de primarias y secundarias del municipio de Villa Ju\u00e1rez que padezcan problemas de la vista, se ver\u00e1n favorecidos con el programa \u201cVer bien para aprender mejor\u201d.<br \/>\nFue gracias a las gestiones que personal del DIF Municipal realiz\u00f3 con la Secretar\u00eda de Educaci\u00f3n P\u00fablica, que se implementar\u00e1 el apoyo.<br \/>\nPara los alumnos que cuenten con alguna deficiencia visual en cualquiera de las diferentes instituciones educativas del municipio \u2014primaria o secundaria\u2014, la federaci\u00f3n aportar\u00e1 el 50% del costo de los lentes y el municipio el faltante.<br \/>\nSe pretende que los ni\u00f1os de escasos recursos puedan obtener un mayor aprovechamiento escolar.<br \/>\nEl programa consiste en tres pasos. Primero que los docentes de las diferentes instituciones detecten a los alumnos que padezcan alguna deficiencia visual, posteriormente se contar\u00e1 con la visita de m\u00e9dicos oftalm\u00f3logos quienes valorar\u00e1n a los alumnos y por \u00faltimo se realizar\u00e1 la entrega de los lentes al beneficiado.<\/p>\n","protected":false},"excerpt":{"rendered":"<p>Beneficiar\u00e1 a alumnos que cuenten con alguna deficiencia visual To\u00f1o R. Alumnos de primarias y secundarias del municipio de Villa Ju\u00e1rez que padezcan problemas de la vista, se ver\u00e1n favorecidos&#8230;<\/p>\n","protected":false},"author":1,"featured_media":0,"comment_status":"closed","ping_status":"open","sticky":false,"template":"","format":"standard","meta":{"footnotes":""},"categories":[4],"tags":[91,115,116],"class_list":["post-168","post","type-post","status-publish","format-standard","hentry","category-villa-juarez","tag-alumnos","tag-escuelas","tag-lentes","entry","simple"],"_links":{"self":[{"href":"https:\/\/www.plurinominal.com.mx\/index.php?rest_route=\/wp\/v2\/posts\/168","targetHints":{"allow":["GET"]}}],"collection":[{"href":"https:\/\/www.plurinominal.com.mx\/index.php?rest_route=\/wp\/v2\/posts"}],"about":[{"href":"https:\/\/www.plurinominal.com.mx\/index.php?rest_route=\/wp\/v2\/types\/post"}],"author":[{"embeddable":true,"href":"https:\/\/www.plurinominal.com.mx\/index.php?rest_route=\/wp\/v2\/users\/1"}],"replies":[{"embeddable":true,"href":"https:\/\/www.plurinominal.com.mx\/index.php?rest_route=%2Fwp%2Fv2%2Fcomments&post=168"}],"version-history":[{"count":0,"href":"https:\/\/www.plurinominal.com.mx\/index.php?rest_route=\/wp\/v2\/posts\/168\/revisions"}],"wp:attachment":[{"href":"https:\/\/www.plurinominal.com.mx\/index.php?rest_route=%2Fwp%2Fv2%2Fmedia&parent=168"}],"wp:term":[{"taxonomy":"category","embeddable":true,"href":"https:\/\/www.plurinominal.com.mx\/index.php?rest_route=%2Fwp%2Fv2%2Fcategories&post=168"},{"taxonomy":"post_tag","embeddable":true,"href":"https:\/\/www.plurinominal.com.mx\/index.php?rest_route=%2Fwp%2Fv2%2Ftags&post=168"}],"curies":[{"name":"wp","href":"https:\/\/api.w.org\/{rel}","templated":true}]}}