{"id":1720,"date":"2012-01-03T01:29:30","date_gmt":"2012-01-03T07:29:30","guid":{"rendered":"http:\/\/www.plurinominal.com.mx\/?p=1720"},"modified":"2012-02-16T01:30:10","modified_gmt":"2012-02-16T07:30:10","slug":"su-ex-le-arrebato-el-celular-por-eso-lo-reporto-con-la-policia","status":"publish","type":"post","link":"https:\/\/www.plurinominal.com.mx\/?p=1720","title":{"rendered":"Su ex le arrebat\u00f3 el celular por eso lo report\u00f3 con la polic\u00eda"},"content":{"rendered":"<p>Del equipo de redacci\u00f3n<br \/>\nPreocupada mujer acus\u00f3 a su ex pareja de haberle quitado su aparato de comunicaci\u00f3n personal.<br \/>\nPorque all\u00ed guardaba datos importantes, quiso recuperar el celular antes de que el responsable se fuera de la ciudad.<br \/>\nAs\u00ed lo expres\u00f3 la ofendida que dijo tener por nombre Estefan\u00eda Gayt\u00e1n Guti\u00e9rrez, de 16 a\u00f1os.<br \/>\nLa muchacha que vive en el n\u00famero 212 de la calle L\u00e1zaro C\u00e1rdenas, explic\u00f3 que al momento de sostener diferencias con Javier Ram\u00edrez Ram\u00edrez de la calle Jes\u00fas Carranza, \u2014del n\u00famero 45\u2014, \u00e9ste le arrebat\u00f3 el tel\u00e9fono.<br \/>\nA las 11:45 PM, a pocos minutos antes de que el reloj marcara el final del 2011, la joven expuso que el acusado se negaba a entregar el celular.<br \/>\nDijo que era su deseo recuperarlo, pues se corr\u00eda el riesgo que el denunciado se fuera de este lugar.<\/p>\n","protected":false},"excerpt":{"rendered":"<p>Del equipo de redacci\u00f3n Preocupada mujer acus\u00f3 a su ex pareja de haberle quitado su aparato de comunicaci\u00f3n personal. Porque all\u00ed guardaba datos importantes, quiso recuperar el celular antes de&#8230;<\/p>\n","protected":false},"author":1,"featured_media":0,"comment_status":"closed","ping_status":"open","sticky":false,"template":"","format":"standard","meta":{"footnotes":""},"categories":[3],"tags":[],"class_list":["post-1720","post","type-post","status-publish","format-standard","hentry","category-cerritos","entry","simple"],"_links":{"self":[{"href":"https:\/\/www.plurinominal.com.mx\/index.php?rest_route=\/wp\/v2\/posts\/1720","targetHints":{"allow":["GET"]}}],"collection":[{"href":"https:\/\/www.plurinominal.com.mx\/index.php?rest_route=\/wp\/v2\/posts"}],"about":[{"href":"https:\/\/www.plurinominal.com.mx\/index.php?rest_route=\/wp\/v2\/types\/post"}],"author":[{"embeddable":true,"href":"https:\/\/www.plurinominal.com.mx\/index.php?rest_route=\/wp\/v2\/users\/1"}],"replies":[{"embeddable":true,"href":"https:\/\/www.plurinominal.com.mx\/index.php?rest_route=%2Fwp%2Fv2%2Fcomments&post=1720"}],"version-history":[{"count":0,"href":"https:\/\/www.plurinominal.com.mx\/index.php?rest_route=\/wp\/v2\/posts\/1720\/revisions"}],"wp:attachment":[{"href":"https:\/\/www.plurinominal.com.mx\/index.php?rest_route=%2Fwp%2Fv2%2Fmedia&parent=1720"}],"wp:term":[{"taxonomy":"category","embeddable":true,"href":"https:\/\/www.plurinominal.com.mx\/index.php?rest_route=%2Fwp%2Fv2%2Fcategories&post=1720"},{"taxonomy":"post_tag","embeddable":true,"href":"https:\/\/www.plurinominal.com.mx\/index.php?rest_route=%2Fwp%2Fv2%2Ftags&post=1720"}],"curies":[{"name":"wp","href":"https:\/\/api.w.org\/{rel}","templated":true}]}}