{"id":1724,"date":"2012-01-02T01:31:09","date_gmt":"2012-01-02T07:31:09","guid":{"rendered":"http:\/\/www.plurinominal.com.mx\/?p=1724"},"modified":"2012-02-16T01:31:41","modified_gmt":"2012-02-16T07:31:41","slug":"al-anexo-por-querer-golpear-a-familiares","status":"publish","type":"post","link":"https:\/\/www.plurinominal.com.mx\/?p=1724","title":{"rendered":"Al anexo por querer golpear a familiares"},"content":{"rendered":"<p>Antes pidieron la intervenci\u00f3n del DIF<\/p>\n<p>Del equipo de redacci\u00f3n<br \/>\nPorque quiso golpear a sus padres por en\u00e9sima ocasi\u00f3n, familiares pidieron la intervenci\u00f3n de la polic\u00eda municipal para que se canalizara al DIF municipal a su pariente, antes del env\u00edo a un lugar para el tratamiento de las adicciones (en \u201cAgua Buena\u201d).<br \/>\nRamiro Capetillo Guill\u00e9n, del n\u00famero 118 de la calle Ju\u00e1rez, es un hombre de 45 a\u00f1os, \u2014desempleado\u2014 que adem\u00e1s se port\u00f3 agresivo con los polic\u00edas que actuaron a petici\u00f3n de sus familiares a las 16:04 horas del 31 de diciembre.<br \/>\nReynaldo Reyes Capetillo, es la persona que pidi\u00f3 la intervenci\u00f3n de los uniformados, porque explic\u00f3 que no es la primera vez que el sujeto se porta as\u00ed.<br \/>\nPidi\u00f3 que se le llevara a \u201cAgua Buena\u201d, donde se ubica un lugar para tratar el problema del familiar.<\/p>\n","protected":false},"excerpt":{"rendered":"<p>Antes pidieron la intervenci\u00f3n del DIF Del equipo de redacci\u00f3n Porque quiso golpear a sus padres por en\u00e9sima ocasi\u00f3n, familiares pidieron la intervenci\u00f3n de la polic\u00eda municipal para que se&#8230;<\/p>\n","protected":false},"author":1,"featured_media":0,"comment_status":"closed","ping_status":"open","sticky":false,"template":"","format":"standard","meta":{"footnotes":""},"categories":[3],"tags":[],"class_list":["post-1724","post","type-post","status-publish","format-standard","hentry","category-cerritos","entry","simple"],"_links":{"self":[{"href":"https:\/\/www.plurinominal.com.mx\/index.php?rest_route=\/wp\/v2\/posts\/1724","targetHints":{"allow":["GET"]}}],"collection":[{"href":"https:\/\/www.plurinominal.com.mx\/index.php?rest_route=\/wp\/v2\/posts"}],"about":[{"href":"https:\/\/www.plurinominal.com.mx\/index.php?rest_route=\/wp\/v2\/types\/post"}],"author":[{"embeddable":true,"href":"https:\/\/www.plurinominal.com.mx\/index.php?rest_route=\/wp\/v2\/users\/1"}],"replies":[{"embeddable":true,"href":"https:\/\/www.plurinominal.com.mx\/index.php?rest_route=%2Fwp%2Fv2%2Fcomments&post=1724"}],"version-history":[{"count":0,"href":"https:\/\/www.plurinominal.com.mx\/index.php?rest_route=\/wp\/v2\/posts\/1724\/revisions"}],"wp:attachment":[{"href":"https:\/\/www.plurinominal.com.mx\/index.php?rest_route=%2Fwp%2Fv2%2Fmedia&parent=1724"}],"wp:term":[{"taxonomy":"category","embeddable":true,"href":"https:\/\/www.plurinominal.com.mx\/index.php?rest_route=%2Fwp%2Fv2%2Fcategories&post=1724"},{"taxonomy":"post_tag","embeddable":true,"href":"https:\/\/www.plurinominal.com.mx\/index.php?rest_route=%2Fwp%2Fv2%2Ftags&post=1724"}],"curies":[{"name":"wp","href":"https:\/\/api.w.org\/{rel}","templated":true}]}}