{"id":17247,"date":"2023-03-07T14:07:35","date_gmt":"2023-03-07T20:07:35","guid":{"rendered":"https:\/\/www.plurinominal.com.mx\/?p=17247"},"modified":"2023-04-11T14:10:40","modified_gmt":"2023-04-11T19:10:40","slug":"perros-embravecidos-y-sueltos-en-calles-de-la-ciudad","status":"publish","type":"post","link":"https:\/\/www.plurinominal.com.mx\/?p=17247","title":{"rendered":"Perros embravecidos y sueltos en calles de la \u00abciudad\u00bb"},"content":{"rendered":"<ul>\n<li class=\"western\" style=\"text-align: justify;\">Sobre Mat\u00edas de \u00c1vila atacaron a mujer; en Padre Jes\u00fas mataron a 8 gatos<\/li>\n<\/ul>\n<p class=\"western\" style=\"text-align: justify;\"><span style=\"font-size: 10pt; font-family: 'trebuchet ms', geneva, sans-serif;\"><strong>BETO GUERRERO.-<\/strong><\/span> La falta de atenci\u00f3n ha permitido que los ataques de jaur\u00edas de perros en la zona centro sigan ocurriendo. El \u00faltimo incidente se present\u00f3 frente al asilo de ancianos ubicado en la calle Mat\u00edas de \u00c1vila, donde los perros intentaron atacar a una se\u00f1ora que pasaba por el lugar. La causa de la reuni\u00f3n de los canes era una perra en celo.<\/p>\n<p class=\"western\" style=\"text-align: justify;\"><em>NOTA: SI USTED ES DE LOS QUE EXIGE INFORMACI\u00d3N ACTUALIZADA, CIERRE ESTA VENTANA Y CONSULTE LA EDICI\u00d3N IMPRESA M\u00c1S RECIENTE.<\/em><\/p>\n<p class=\"western\" style=\"text-align: justify;\">Desafortunadamente, este no es el primer caso de ataques de perros en la zona centro. La mujer afectada reclam\u00f3 la falta de acci\u00f3n de las autoridades y cuestion\u00f3 cu\u00e1ndo estar\u00eda lista la perrera municipal, ya que las jaur\u00edas han aumentado.<\/p>\n<p class=\"western\" style=\"text-align: justify;\">El viernes 3 de marzo, se inform\u00f3 sobre tres perros de color caf\u00e9 en el barrio de Padre Jes\u00fas que han matado a varios gatos y a un perro de menor tama\u00f1o. Aunque se hicieron llamados a Protecci\u00f3n Civil, se ha ignorado el problema y se ha descubierto que los perros pertenecen a una excandidata.<\/p>\n<p class=\"western\" style=\"text-align: justify;\">Sobre el tema, el coordinador de Protecci\u00f3n Civil, V\u00edctor Javier Rodr\u00edguez Estrada dijo que la dependencia no puede llevarse a los perros as\u00ed nom\u00e1s, \u201cdespu\u00e9s nos va mal a nosotros\u201d, sino que se debe citar al due\u00f1o para que los recoja y en caso de que se haya incurrido en alguna controversia, resolverla ante las autoridades correspondientes.<\/p>\n","protected":false},"excerpt":{"rendered":"<p>La falta de atenci\u00f3n ha permitido que los ataques de jaur\u00edas de perros en la zona centro sigan ocurriendo. El \u00faltimo incidente se present\u00f3 frente al asilo de ancianos ubicado en la calle Mat\u00edas de \u00c1vila, donde los perros intentaron atacar a una se\u00f1ora que pasaba por el lugar. La causa de la reuni\u00f3n de los canes era una perra en celo.<\/p>\n","protected":false},"author":5,"featured_media":17248,"comment_status":"closed","ping_status":"open","sticky":false,"template":"","format":"standard","meta":{"footnotes":""},"categories":[3,483,486,465,485],"tags":[],"class_list":["post-17247","post","type-post","status-publish","format-standard","has-post-thumbnail","hentry","category-cerritos","category-cultura","category-educacion","category-policia-2","category-sociales","entry","simple"],"_links":{"self":[{"href":"https:\/\/www.plurinominal.com.mx\/index.php?rest_route=\/wp\/v2\/posts\/17247","targetHints":{"allow":["GET"]}}],"collection":[{"href":"https:\/\/www.plurinominal.com.mx\/index.php?rest_route=\/wp\/v2\/posts"}],"about":[{"href":"https:\/\/www.plurinominal.com.mx\/index.php?rest_route=\/wp\/v2\/types\/post"}],"author":[{"embeddable":true,"href":"https:\/\/www.plurinominal.com.mx\/index.php?rest_route=\/wp\/v2\/users\/5"}],"replies":[{"embeddable":true,"href":"https:\/\/www.plurinominal.com.mx\/index.php?rest_route=%2Fwp%2Fv2%2Fcomments&post=17247"}],"version-history":[{"count":1,"href":"https:\/\/www.plurinominal.com.mx\/index.php?rest_route=\/wp\/v2\/posts\/17247\/revisions"}],"predecessor-version":[{"id":17249,"href":"https:\/\/www.plurinominal.com.mx\/index.php?rest_route=\/wp\/v2\/posts\/17247\/revisions\/17249"}],"wp:featuredmedia":[{"embeddable":true,"href":"https:\/\/www.plurinominal.com.mx\/index.php?rest_route=\/wp\/v2\/media\/17248"}],"wp:attachment":[{"href":"https:\/\/www.plurinominal.com.mx\/index.php?rest_route=%2Fwp%2Fv2%2Fmedia&parent=17247"}],"wp:term":[{"taxonomy":"category","embeddable":true,"href":"https:\/\/www.plurinominal.com.mx\/index.php?rest_route=%2Fwp%2Fv2%2Fcategories&post=17247"},{"taxonomy":"post_tag","embeddable":true,"href":"https:\/\/www.plurinominal.com.mx\/index.php?rest_route=%2Fwp%2Fv2%2Ftags&post=17247"}],"curies":[{"name":"wp","href":"https:\/\/api.w.org\/{rel}","templated":true}]}}