{"id":1726,"date":"2012-01-03T01:31:56","date_gmt":"2012-01-03T07:31:56","guid":{"rendered":"http:\/\/www.plurinominal.com.mx\/?p=1726"},"modified":"2012-02-16T01:32:27","modified_gmt":"2012-02-16T07:32:27","slug":"ola-de-pleitos-el-dia-primero-2","status":"publish","type":"post","link":"https:\/\/www.plurinominal.com.mx\/?p=1726","title":{"rendered":"Ola de pleitos el d\u00eda primero"},"content":{"rendered":"<p>Del equipo de redacci\u00f3n<br \/>\nAsistentes al \u201cJaripeo &#8211; Baile de a\u00f1o nuevo\u201d fueron testigos de los m\u00faltiples pleitos ocurridos durante el evento.<br \/>\nExplicaron que se cont\u00f3 con poca vigilancia.<br \/>\nNo se not\u00f3 la intervenci\u00f3n de los polic\u00edas en las peleas, aunque por suerte, tampoco se registraron tragedias.<br \/>\nLa gente \u201cse deleit\u00f3\u201d con un pleito de mujeres luego de que un toro pis\u00f3 a un jinete en la cabeza, pero antes dos hombres tambi\u00e9n se \u201ctrenzaron\u201d. \u201cA distancia, uno se identific\u00f3 por tener el pelo chino\u201d, relatan los que fueron al jaripeo.<br \/>\nDespu\u00e9s, cuando hab\u00eda dado inicio el baile, se observ\u00f3 a un \u201cmec\u00e1nico\u201d de la calle Morelos, darse \u201ccon todo\u201d contra uno apodado \u201cEl p\u00e1jaro\u201d, de la Loma.<br \/>\nExplican los testigos que este \u00faltimo \u201cten\u00eda fama de ser bueno para los golpes\u201d, pero all\u00ed no se le mir\u00f3 nada.<br \/>\nCasi 5 minutos dur\u00f3 \u201cel round\u201d, sin que nadie se metiera.<br \/>\nAmbos personajes se dieron buenos \u201cmoquetazos\u201d al tiempo que se ca\u00edan y levantaban para seguir el debate f\u00edsico.<br \/>\nResaltan los que vieron, a un jinete que intent\u00f3 lazar a uno de los peleoneros que se debat\u00edan entre la multitud, pero como se movieron durante la trifulca, el de a caballo fall\u00f3. \u00danicamente se le se\u00f1ala por el apodo del \u201cCromo\u201d.<br \/>\nConato de bronca ocurri\u00f3 tambi\u00e9n en la \u201cbarra\u201d donde un borracho quiso aventar golpes \u201cporque no le invitaron cheve\u201d.<\/p>\n<p>Se golpearon en sala de urgencias del IMSS<\/p>\n<p>Daba el reloj las 22:15 PM del primero del a\u00f1o, cuando a comandancia lleg\u00f3 el reporte de una pelea ocurrida en la sala de urgencias del IMSS.<br \/>\nPolic\u00edas municipales, manifestaron a Plurinominal que al llegar \u201cya no encontraron nada\u201d.<br \/>\nSin embargo personal del IMSS, se\u00f1al\u00f3 a este medio los momentos que vivieron mientras atend\u00edan al jinete que hab\u00eda sido pisado, puesto que en la sala de urgencias, rijosos comenzaron la batalla que dej\u00f3 como saldo \u201clas bancas volteadas\u201d.<br \/>\nSe supo que una persona \u2014que se cree hab\u00eda sido part\u00edcipe de un pleito durante el jaripeo\u2014 lleg\u00f3 a solicitar atenci\u00f3n m\u00e9dica.<br \/>\nApenas iba a tocar la puerta de la sala de urgencias del IMSS, cuando el grupo rival coincidi\u00f3 y empez\u00f3 el esc\u00e1ndalo.<br \/>\nUn polic\u00eda del municipio declar\u00f3 que al llegar s\u00f3lo vieron un grupo de j\u00f3venes que se notaban tranquilos y no se detuvo a nadie.<\/p>\n","protected":false},"excerpt":{"rendered":"<p>Del equipo de redacci\u00f3n Asistentes al \u201cJaripeo &#8211; Baile de a\u00f1o nuevo\u201d fueron testigos de los m\u00faltiples pleitos ocurridos durante el evento. Explicaron que se cont\u00f3 con poca vigilancia. No&#8230;<\/p>\n","protected":false},"author":1,"featured_media":0,"comment_status":"closed","ping_status":"open","sticky":false,"template":"","format":"standard","meta":{"footnotes":""},"categories":[3],"tags":[],"class_list":["post-1726","post","type-post","status-publish","format-standard","hentry","category-cerritos","entry","simple"],"_links":{"self":[{"href":"https:\/\/www.plurinominal.com.mx\/index.php?rest_route=\/wp\/v2\/posts\/1726","targetHints":{"allow":["GET"]}}],"collection":[{"href":"https:\/\/www.plurinominal.com.mx\/index.php?rest_route=\/wp\/v2\/posts"}],"about":[{"href":"https:\/\/www.plurinominal.com.mx\/index.php?rest_route=\/wp\/v2\/types\/post"}],"author":[{"embeddable":true,"href":"https:\/\/www.plurinominal.com.mx\/index.php?rest_route=\/wp\/v2\/users\/1"}],"replies":[{"embeddable":true,"href":"https:\/\/www.plurinominal.com.mx\/index.php?rest_route=%2Fwp%2Fv2%2Fcomments&post=1726"}],"version-history":[{"count":0,"href":"https:\/\/www.plurinominal.com.mx\/index.php?rest_route=\/wp\/v2\/posts\/1726\/revisions"}],"wp:attachment":[{"href":"https:\/\/www.plurinominal.com.mx\/index.php?rest_route=%2Fwp%2Fv2%2Fmedia&parent=1726"}],"wp:term":[{"taxonomy":"category","embeddable":true,"href":"https:\/\/www.plurinominal.com.mx\/index.php?rest_route=%2Fwp%2Fv2%2Fcategories&post=1726"},{"taxonomy":"post_tag","embeddable":true,"href":"https:\/\/www.plurinominal.com.mx\/index.php?rest_route=%2Fwp%2Fv2%2Ftags&post=1726"}],"curies":[{"name":"wp","href":"https:\/\/api.w.org\/{rel}","templated":true}]}}