{"id":1728,"date":"2012-01-04T01:32:45","date_gmt":"2012-01-04T07:32:45","guid":{"rendered":"http:\/\/www.plurinominal.com.mx\/?p=1728"},"modified":"2012-02-16T01:33:29","modified_gmt":"2012-02-16T07:33:29","slug":"termino-lesionada-con-vehiculo-de-su-esposo","status":"publish","type":"post","link":"https:\/\/www.plurinominal.com.mx\/?p=1728","title":{"rendered":"Termin\u00f3 lesionada con veh\u00edculo de su esposo"},"content":{"rendered":"<p>Dele quipo de redacci\u00f3n<br \/>\nPor descuido, una camioneta \u201cse le fue encima\u201d a una mujer de 60 a\u00f1os. El veh\u00edculo no fue asegurado para quedar totalmente est\u00e1tico por su esposo y la se\u00f1ora termin\u00f3 con un pie lesionado entre una llanta y un bloque con el que se cree, se intentaba evitar que el coche se moviera pues fue estacionado en declive.<br \/>\nOficiales le brindaron apoyo para trasladarla al IMSS.<br \/>\nEste martes a las 20:26 PM, se pidi\u00f3 la intervenci\u00f3n de los municipales para llevar a Mar\u00eda Imelda Maldonado Mendieta a una cl\u00ednica, para dictaminar sobre las lesiones que tuvo a consecuencia del percance.<br \/>\nSe supo que los hechos ocurrieron en la calle Ocampo esquina con D\u00edaz Mir\u00f3n.<br \/>\nUna llanta de la camioneta Jeep color negro, con placas UZW 20 30 del estado, termin\u00f3 lastimando a la se\u00f1ora.<br \/>\nDe acuerdo a datos proporcionados en barandilla, se piensa que el autom\u00f3vil pertenece a Antonio Ibarra Az\u00faa, de 63 a\u00f1os de la calle Abasolo n\u00famero 20.<\/p>\n","protected":false},"excerpt":{"rendered":"<p>Dele quipo de redacci\u00f3n Por descuido, una camioneta \u201cse le fue encima\u201d a una mujer de 60 a\u00f1os. El veh\u00edculo no fue asegurado para quedar totalmente est\u00e1tico por su esposo&#8230;<\/p>\n","protected":false},"author":1,"featured_media":0,"comment_status":"closed","ping_status":"open","sticky":false,"template":"","format":"standard","meta":{"footnotes":""},"categories":[3],"tags":[],"class_list":["post-1728","post","type-post","status-publish","format-standard","hentry","category-cerritos","entry","simple"],"_links":{"self":[{"href":"https:\/\/www.plurinominal.com.mx\/index.php?rest_route=\/wp\/v2\/posts\/1728","targetHints":{"allow":["GET"]}}],"collection":[{"href":"https:\/\/www.plurinominal.com.mx\/index.php?rest_route=\/wp\/v2\/posts"}],"about":[{"href":"https:\/\/www.plurinominal.com.mx\/index.php?rest_route=\/wp\/v2\/types\/post"}],"author":[{"embeddable":true,"href":"https:\/\/www.plurinominal.com.mx\/index.php?rest_route=\/wp\/v2\/users\/1"}],"replies":[{"embeddable":true,"href":"https:\/\/www.plurinominal.com.mx\/index.php?rest_route=%2Fwp%2Fv2%2Fcomments&post=1728"}],"version-history":[{"count":0,"href":"https:\/\/www.plurinominal.com.mx\/index.php?rest_route=\/wp\/v2\/posts\/1728\/revisions"}],"wp:attachment":[{"href":"https:\/\/www.plurinominal.com.mx\/index.php?rest_route=%2Fwp%2Fv2%2Fmedia&parent=1728"}],"wp:term":[{"taxonomy":"category","embeddable":true,"href":"https:\/\/www.plurinominal.com.mx\/index.php?rest_route=%2Fwp%2Fv2%2Fcategories&post=1728"},{"taxonomy":"post_tag","embeddable":true,"href":"https:\/\/www.plurinominal.com.mx\/index.php?rest_route=%2Fwp%2Fv2%2Ftags&post=1728"}],"curies":[{"name":"wp","href":"https:\/\/api.w.org\/{rel}","templated":true}]}}