{"id":1730,"date":"2012-01-01T01:33:45","date_gmt":"2012-01-01T07:33:45","guid":{"rendered":"http:\/\/www.plurinominal.com.mx\/?p=1730"},"modified":"2012-02-16T01:34:12","modified_gmt":"2012-02-16T07:34:12","slug":"chiquito-perez-al-frente-de-comunicacion-social-del-h-ayuntamiento","status":"publish","type":"post","link":"https:\/\/www.plurinominal.com.mx\/?p=1730","title":{"rendered":"Chiquito P\u00e9rez, al frente de Comunicaci\u00f3n Social del H. Ayuntamiento"},"content":{"rendered":"<p>Secundino Gallegos dirige la Coordinaci\u00f3n De Deportes<\/p>\n<p>Ma. del Carmen V; equipo de redacci\u00f3n<br \/>\nAlberto Chiquito P\u00e9rez es Director de Comunicaci\u00f3n Social del H. Ayuntamiento de Cerritos, cargo que adquiri\u00f3 al relevar a Jes\u00fas Espinoza desde el mi\u00e9rcoles 28 de Diciembre de 2011.<br \/>\nChiquito P\u00e9rez, desde la llegada de Galv\u00e1n Nieto al poder, se desempe\u00f1\u00f3 como Coordinador de Deportes.<br \/>\nEspinoza, por su parte estuvo siempre a cargo de la informaci\u00f3n oficial de la presidencia.<br \/>\nSe revel\u00f3 a este medio, que el cambio obedece a \u201cmovimientos de rutina para mejorar el desempe\u00f1o de los departamentos del Ayuntamiento\u201d.<br \/>\nHasta ese momento se desconoc\u00eda el lugar a donde se enviar\u00eda a Jes\u00fas Espinoza.<br \/>\nSe hablaba que ten\u00eda la opci\u00f3n de escoger entre el parque infantil \u00abLa Mezquitada\u00bb, el \u201cDIF Municipal\u201d y el \u201cDepartamento de Limpia\u201d.<br \/>\nAl final el ex director de Comunicaci\u00f3n Social fue enviado como chofer al DIF Municipal, (pero este martes alguien aseguraba que persist\u00eda la opci\u00f3n de que fuera a formar parte del personal del parque).<br \/>\nTrabajadores municipales explicaron que el Presidente Municipal determin\u00f3 el cambio.<br \/>\nAlberto Chiquito P\u00e9rez, ya abri\u00f3 una cuenta en las redes sociales denominada \u201cComunicaci\u00f3n Social Cerritos\u201d, donde se observa dinamismo y actualizaciones recientes.<br \/>\nEn la \u00faltima, \u2014antes de dar por terminado este n\u00famero\u2014, se menciona, \u201cel DIF municipal hace una atenta invitaci\u00f3n a todos los ni\u00f1os de Cerritos a festejar el D\u00eda de Reyes el pr\u00f3ximo 6 de enero de 2012 en la plaza principal a partir de las 5:00 PM\u201d.<br \/>\nTrascendi\u00f3 que Alberto Chiquito, ya est\u00e1 solicitando informes a cada departamento con el fin de promover, ante la sociedad, las acciones y obras que realiza el Ayuntamiento.<br \/>\nEl ex director de Comunicaci\u00f3n Social sigue percibiendo el mismo sueldo, tal como ocurre con todos los trabajadores que se han removido de sus cargos.<br \/>\nLa oficina, se not\u00f3 cerrada durante la semana pasada, pero a Alberto Chiquito se le vio la noche del 3 de enero en el sitio.<br \/>\nEn la Coordinaci\u00f3n de Deportes del Municipio,  ahora est\u00e1 al frente Secundino Gallegos Infante. <\/p>\n","protected":false},"excerpt":{"rendered":"<p>Secundino Gallegos dirige la Coordinaci\u00f3n De Deportes Ma. del Carmen V; equipo de redacci\u00f3n Alberto Chiquito P\u00e9rez es Director de Comunicaci\u00f3n Social del H. Ayuntamiento de Cerritos, cargo que adquiri\u00f3&#8230;<\/p>\n","protected":false},"author":1,"featured_media":0,"comment_status":"closed","ping_status":"open","sticky":false,"template":"","format":"standard","meta":{"footnotes":""},"categories":[3],"tags":[],"class_list":["post-1730","post","type-post","status-publish","format-standard","hentry","category-cerritos","entry","simple"],"_links":{"self":[{"href":"https:\/\/www.plurinominal.com.mx\/index.php?rest_route=\/wp\/v2\/posts\/1730","targetHints":{"allow":["GET"]}}],"collection":[{"href":"https:\/\/www.plurinominal.com.mx\/index.php?rest_route=\/wp\/v2\/posts"}],"about":[{"href":"https:\/\/www.plurinominal.com.mx\/index.php?rest_route=\/wp\/v2\/types\/post"}],"author":[{"embeddable":true,"href":"https:\/\/www.plurinominal.com.mx\/index.php?rest_route=\/wp\/v2\/users\/1"}],"replies":[{"embeddable":true,"href":"https:\/\/www.plurinominal.com.mx\/index.php?rest_route=%2Fwp%2Fv2%2Fcomments&post=1730"}],"version-history":[{"count":0,"href":"https:\/\/www.plurinominal.com.mx\/index.php?rest_route=\/wp\/v2\/posts\/1730\/revisions"}],"wp:attachment":[{"href":"https:\/\/www.plurinominal.com.mx\/index.php?rest_route=%2Fwp%2Fv2%2Fmedia&parent=1730"}],"wp:term":[{"taxonomy":"category","embeddable":true,"href":"https:\/\/www.plurinominal.com.mx\/index.php?rest_route=%2Fwp%2Fv2%2Fcategories&post=1730"},{"taxonomy":"post_tag","embeddable":true,"href":"https:\/\/www.plurinominal.com.mx\/index.php?rest_route=%2Fwp%2Fv2%2Ftags&post=1730"}],"curies":[{"name":"wp","href":"https:\/\/api.w.org\/{rel}","templated":true}]}}