{"id":1732,"date":"2012-01-04T01:34:26","date_gmt":"2012-01-04T07:34:26","guid":{"rendered":"http:\/\/www.plurinominal.com.mx\/?p=1732"},"modified":"2012-02-16T01:35:56","modified_gmt":"2012-02-16T07:35:56","slug":"denuncian-a-carnicero-por-delito-de-lesiones","status":"publish","type":"post","link":"https:\/\/www.plurinominal.com.mx\/?p=1732","title":{"rendered":"Denuncian a carnicero por delito de lesiones"},"content":{"rendered":"<p>Los hechos ocurrieron durante un festejo <\/p>\n<p>Del equipo de redacci\u00f3n<br \/>\nAnte el Agente del Ministerio P\u00fablico acudi\u00f3 Homero V\u00e1zquez, para denunciar a conocido carnicero por el delito de lesiones.<br \/>\nEl supuesto ofendido, narr\u00f3 a la Representante Social, Licenciada Adriana Moya, que fue agredido por Pedro Uresti, a quien conoce como \u00abEl Perico\u00bb, durante el desarrollo de un festejo.<br \/>\nExplic\u00f3 que tambi\u00e9n intervino uno de los hijos del agresor de nombre Fernando Uresti.<br \/>\nEntre ambos le causaron serias lesiones en el rostro.<br \/>\nLa Agente del Ministerio P\u00fablico determin\u00f3 enviarlo ante el M\u00e9dico Legista para que certificara sobre los golpes.<br \/>\nAl mismo tiempo gir\u00f3 un oficio de investigaci\u00f3n a los agentes de la polic\u00eda ministerial, ya que el denunciante no proporcion\u00f3 el domicilio de sus agresores.<br \/>\nAl cierre de la presente nota los ministeriales no hab\u00edan rendido un informe detallado.<br \/>\nTestigos presenciales, dijeron que ellos se encontraban cerca de donde sucedi\u00f3 el altercado.<br \/>\nQue en primera instancia se present\u00f3 Pedro Uresti a saludar a Homero V\u00e1zquez, pero este, \u2014al parecer por el estado de embriaguez en que se encontraba, no reconoci\u00f3 al \u00abPerico\u00bb\u2014 pretendi\u00f3 agredirlo y no se dio cuenta que a un lado de Uresti se encontraban sus hijos quienes solamente evitaron la agresi\u00f3n.<br \/>\nIndica uno de los que estuvieron presentes, que de no participar los hijos de Pedro, entonces \u00e9ste hubiera sido el lesionado, ya que \u00abquien pretendi\u00f3 agredirlo es mucho m\u00e1s joven\u00bb. As\u00ed lo expresaron.<\/p>\n","protected":false},"excerpt":{"rendered":"<p>Los hechos ocurrieron durante un festejo Del equipo de redacci\u00f3n Ante el Agente del Ministerio P\u00fablico acudi\u00f3 Homero V\u00e1zquez, para denunciar a conocido carnicero por el delito de lesiones. El&#8230;<\/p>\n","protected":false},"author":1,"featured_media":0,"comment_status":"closed","ping_status":"open","sticky":false,"template":"","format":"standard","meta":{"footnotes":""},"categories":[3],"tags":[],"class_list":["post-1732","post","type-post","status-publish","format-standard","hentry","category-cerritos","entry","simple"],"_links":{"self":[{"href":"https:\/\/www.plurinominal.com.mx\/index.php?rest_route=\/wp\/v2\/posts\/1732","targetHints":{"allow":["GET"]}}],"collection":[{"href":"https:\/\/www.plurinominal.com.mx\/index.php?rest_route=\/wp\/v2\/posts"}],"about":[{"href":"https:\/\/www.plurinominal.com.mx\/index.php?rest_route=\/wp\/v2\/types\/post"}],"author":[{"embeddable":true,"href":"https:\/\/www.plurinominal.com.mx\/index.php?rest_route=\/wp\/v2\/users\/1"}],"replies":[{"embeddable":true,"href":"https:\/\/www.plurinominal.com.mx\/index.php?rest_route=%2Fwp%2Fv2%2Fcomments&post=1732"}],"version-history":[{"count":0,"href":"https:\/\/www.plurinominal.com.mx\/index.php?rest_route=\/wp\/v2\/posts\/1732\/revisions"}],"wp:attachment":[{"href":"https:\/\/www.plurinominal.com.mx\/index.php?rest_route=%2Fwp%2Fv2%2Fmedia&parent=1732"}],"wp:term":[{"taxonomy":"category","embeddable":true,"href":"https:\/\/www.plurinominal.com.mx\/index.php?rest_route=%2Fwp%2Fv2%2Fcategories&post=1732"},{"taxonomy":"post_tag","embeddable":true,"href":"https:\/\/www.plurinominal.com.mx\/index.php?rest_route=%2Fwp%2Fv2%2Ftags&post=1732"}],"curies":[{"name":"wp","href":"https:\/\/api.w.org\/{rel}","templated":true}]}}