{"id":17347,"date":"2023-04-11T11:03:31","date_gmt":"2023-04-11T16:03:31","guid":{"rendered":"https:\/\/www.plurinominal.com.mx\/?p=17347"},"modified":"2023-04-28T11:05:56","modified_gmt":"2023-04-28T16:05:56","slug":"piden-apertura-del-museo-regional-durante-fines-de-semana","status":"publish","type":"post","link":"https:\/\/www.plurinominal.com.mx\/?p=17347","title":{"rendered":"Piden apertura del Museo Regional durante fines de semana"},"content":{"rendered":"<ul>\n<li class=\"western\" style=\"text-align: justify;\">La poblaci\u00f3n tambi\u00e9n ha solicitado se\u00f1al\u00e9tica para saber ubicaci\u00f3n<\/li>\n<\/ul>\n<p class=\"western\" style=\"text-align: justify;\"><span style=\"font-size: 10pt; font-family: 'trebuchet ms', geneva, sans-serif;\"><strong>MARCO SERNA.-<\/strong> <\/span>El Museo Regional de Cerritos ha permanecido cerrado los fines de semana que es cuando hay grandes probabilidades de que la gente lo visite, situaci\u00f3n que ha generado descontento entre usuarios que todav\u00eda utilizan Facebook. Una persona que contact\u00f3 con Plurinominal sugiere abrir el museo aunque sea por un tiempo limitado durante los fines de semana, para que la gente pueda visitarlo y conocer su contenido.<\/p>\n<p class=\"western\" style=\"text-align: justify;\"><em>NOTA: SI USTED ES DE LOS QUE EXIGE INFORMACI\u00d3N ACTUALIZADA, CIERRE ESTA VENTANA Y CONSULTE LA EDICI\u00d3N IMPRESA M\u00c1S RECIENTE.<\/em><\/p>\n<p class=\"western\" style=\"text-align: justify;\">La presidenta municipal de Cerritos, Leticia V\u00e1zquez Hern\u00e1ndez, dio a conocer que el museo se encuentra ubicado en la Casa de la Cultura en la Plaza Morelos en la zona centro, y cuenta con una galer\u00eda fotogr\u00e1fica de los exalcaldes, figuras de barro prehisp\u00e1nicas y cuisillos, la mayor\u00eda de ellas donadas por las familias del municipio. Cada una de las piezas tiene su descripci\u00f3n y el nombre del donante.<\/p>\n<p class=\"western\" style=\"text-align: justify;\">La poblaci\u00f3n ha solicitado la colocaci\u00f3n de se\u00f1al\u00e9tica en la plaza y otros lugares para que los visitantes puedan conocer de su existencia. Asimismo, se sugiere hacer una campa\u00f1a para que la gente done m\u00e1s piezas para el museo, ya que seguramente muchos estar\u00edan dispuestos a contribuir para enriquecer la historia de la regi\u00f3n.<\/p>\n<p class=\"western\" style=\"text-align: justify;\">Los museos regionales son importantes para preservar y difundir la historia y la cultura de una regi\u00f3n, por lo que es necesario contar con ellos en \u00f3ptimas condiciones para que la poblaci\u00f3n y los visitantes puedan conocer y valorar el patrimonio cultural.<\/p>\n","protected":false},"excerpt":{"rendered":"<p>El Museo Regional de Cerritos ha permanecido cerrado los fines de semana que es cuando hay grandes probabilidades de que la gente lo visite, situaci\u00f3n que ha generado descontento entre usuarios que todav\u00eda utilizan Facebook. Una persona que contact\u00f3 con Plurinominal sugiere abrir el museo aunque sea por un tiempo limitado durante los fines de semana, para que la gente pueda visitarlo y conocer su contenido.<\/p>\n","protected":false},"author":5,"featured_media":17348,"comment_status":"closed","ping_status":"open","sticky":false,"template":"","format":"standard","meta":{"footnotes":""},"categories":[3,483,486,485],"tags":[],"class_list":["post-17347","post","type-post","status-publish","format-standard","has-post-thumbnail","hentry","category-cerritos","category-cultura","category-educacion","category-sociales","entry","simple"],"_links":{"self":[{"href":"https:\/\/www.plurinominal.com.mx\/index.php?rest_route=\/wp\/v2\/posts\/17347","targetHints":{"allow":["GET"]}}],"collection":[{"href":"https:\/\/www.plurinominal.com.mx\/index.php?rest_route=\/wp\/v2\/posts"}],"about":[{"href":"https:\/\/www.plurinominal.com.mx\/index.php?rest_route=\/wp\/v2\/types\/post"}],"author":[{"embeddable":true,"href":"https:\/\/www.plurinominal.com.mx\/index.php?rest_route=\/wp\/v2\/users\/5"}],"replies":[{"embeddable":true,"href":"https:\/\/www.plurinominal.com.mx\/index.php?rest_route=%2Fwp%2Fv2%2Fcomments&post=17347"}],"version-history":[{"count":1,"href":"https:\/\/www.plurinominal.com.mx\/index.php?rest_route=\/wp\/v2\/posts\/17347\/revisions"}],"predecessor-version":[{"id":17349,"href":"https:\/\/www.plurinominal.com.mx\/index.php?rest_route=\/wp\/v2\/posts\/17347\/revisions\/17349"}],"wp:featuredmedia":[{"embeddable":true,"href":"https:\/\/www.plurinominal.com.mx\/index.php?rest_route=\/wp\/v2\/media\/17348"}],"wp:attachment":[{"href":"https:\/\/www.plurinominal.com.mx\/index.php?rest_route=%2Fwp%2Fv2%2Fmedia&parent=17347"}],"wp:term":[{"taxonomy":"category","embeddable":true,"href":"https:\/\/www.plurinominal.com.mx\/index.php?rest_route=%2Fwp%2Fv2%2Fcategories&post=17347"},{"taxonomy":"post_tag","embeddable":true,"href":"https:\/\/www.plurinominal.com.mx\/index.php?rest_route=%2Fwp%2Fv2%2Ftags&post=17347"}],"curies":[{"name":"wp","href":"https:\/\/api.w.org\/{rel}","templated":true}]}}