{"id":1736,"date":"2012-01-05T01:37:00","date_gmt":"2012-01-05T07:37:00","guid":{"rendered":"http:\/\/www.plurinominal.com.mx\/?p=1736"},"modified":"2012-02-16T01:37:28","modified_gmt":"2012-02-16T07:37:28","slug":"en-la-temporada-decembrina-se-reactivo-el-comercio","status":"publish","type":"post","link":"https:\/\/www.plurinominal.com.mx\/?p=1736","title":{"rendered":"En la temporada decembrina se reactiv\u00f3 el comercio"},"content":{"rendered":"<p>Festejos particulares nuevamente se llevaron a cabo<\/p>\n<p>Ma. del Carmen V; equipo de redacci\u00f3n<br \/>\nComerciantes del municipio afirmaron que lograron buenas ventas en esta temporada en comparaci\u00f3n con el 2010.<br \/>\nIndicaron que en diciembre se reactiv\u00f3 el comercio, pues hubo m\u00e1s visitantes que la fecha en menci\u00f3n.<br \/>\nRecordaron las navidades de anta\u00f1o, cuando muchos paisanos viajaban a esta cabecera municipal para estar con sus familiares.<br \/>\nSe ve\u00edan abundantes veh\u00edculos de origen americano, lo que ahora no sucede.<br \/>\nTodo lo atribuyen a la escasez de empleo en los Estados Unidos y a la inseguridad que prevalece en algunos puntos de la Rep\u00fablica Mexicana.<br \/>\nComerciantes de ropa, abarrotes, comida y puestos ambulantes dieron a conocer las buenas ventas en Navidad y A\u00f1o Nuevo, pero no olvidaron que en meses anteriores las ganancias decayeron.<br \/>\nPor los propietarios de negocios, conocieron que algunos paisanos realizaron el viaje en autob\u00fas. Otros prefirieron venir en un solo veh\u00edculo, debido al incremento de asaltos en carreteras.<br \/>\nSobre el trayecto, los connacionales declararon que las carreteras est\u00e1n vigiladas y eso les da seguridad para realizar el viaje.<br \/>\nPor su parte, los connacionales no denunciaron ning\u00fan foco de inseguridad en este municipio.<br \/>\nTambi\u00e9n, se mencion\u00f3 que en materia de festejos ahora hubo m\u00e1s que en diciembre del 2010. En aquella ocasi\u00f3n se percib\u00eda inseguridad y por eso muchas familias prefirieron posponer las fiestas.<br \/>\nCabe recordar, que en diciembre del a\u00f1o antepasado, en el ejido el Granjenal se suspendieron festividades particulares por los hechos ocurridos en esa comunidad.<br \/>\nBodas, XV a\u00f1os y hasta jaripeos, no se llevaron a cabo. En 2011, se registr\u00f3 actividad aunque con grupos musicales de la regi\u00f3n, pues era com\u00fan ver en Granjenal grandes estrellas de la m\u00fasica grupera.<br \/>\nEn materia de festejos, tambi\u00e9n brillaron el ejido el Sa\u00faz, Villar, Cerros Blancos y San Pedro de los Hern\u00e1ndez, entre otras comunidades<\/p>\n","protected":false},"excerpt":{"rendered":"<p>Festejos particulares nuevamente se llevaron a cabo Ma. del Carmen V; equipo de redacci\u00f3n Comerciantes del municipio afirmaron que lograron buenas ventas en esta temporada en comparaci\u00f3n con el 2010.&#8230;<\/p>\n","protected":false},"author":1,"featured_media":0,"comment_status":"closed","ping_status":"open","sticky":false,"template":"","format":"standard","meta":{"footnotes":""},"categories":[3],"tags":[],"class_list":["post-1736","post","type-post","status-publish","format-standard","hentry","category-cerritos","entry","simple"],"_links":{"self":[{"href":"https:\/\/www.plurinominal.com.mx\/index.php?rest_route=\/wp\/v2\/posts\/1736","targetHints":{"allow":["GET"]}}],"collection":[{"href":"https:\/\/www.plurinominal.com.mx\/index.php?rest_route=\/wp\/v2\/posts"}],"about":[{"href":"https:\/\/www.plurinominal.com.mx\/index.php?rest_route=\/wp\/v2\/types\/post"}],"author":[{"embeddable":true,"href":"https:\/\/www.plurinominal.com.mx\/index.php?rest_route=\/wp\/v2\/users\/1"}],"replies":[{"embeddable":true,"href":"https:\/\/www.plurinominal.com.mx\/index.php?rest_route=%2Fwp%2Fv2%2Fcomments&post=1736"}],"version-history":[{"count":0,"href":"https:\/\/www.plurinominal.com.mx\/index.php?rest_route=\/wp\/v2\/posts\/1736\/revisions"}],"wp:attachment":[{"href":"https:\/\/www.plurinominal.com.mx\/index.php?rest_route=%2Fwp%2Fv2%2Fmedia&parent=1736"}],"wp:term":[{"taxonomy":"category","embeddable":true,"href":"https:\/\/www.plurinominal.com.mx\/index.php?rest_route=%2Fwp%2Fv2%2Fcategories&post=1736"},{"taxonomy":"post_tag","embeddable":true,"href":"https:\/\/www.plurinominal.com.mx\/index.php?rest_route=%2Fwp%2Fv2%2Ftags&post=1736"}],"curies":[{"name":"wp","href":"https:\/\/api.w.org\/{rel}","templated":true}]}}