{"id":17482,"date":"2023-04-20T12:26:47","date_gmt":"2023-04-20T17:26:47","guid":{"rendered":"https:\/\/www.plurinominal.com.mx\/?p=17482"},"modified":"2023-05-16T12:37:26","modified_gmt":"2023-05-16T17:37:26","slug":"poder-judicial-de-slp-imparte-clinica-en-derecho-familiar","status":"publish","type":"post","link":"https:\/\/www.plurinominal.com.mx\/?p=17482","title":{"rendered":"Poder Judicial de SLP imparte Cl\u00ednica en Derecho Familiar"},"content":{"rendered":"<ul>\n<li class=\"western\" style=\"text-align: justify;\">Participan en l\u00ednea personas de Cerritos, Rioverde y Ciudad Valles<\/li>\n<\/ul>\n<p class=\"western\" style=\"text-align: justify;\"><span style=\"font-size: 10pt; font-family: 'trebuchet ms', geneva, sans-serif;\"><strong>MARCO SERNA.-<\/strong> <\/span>El Poder Judicial del Estado de San Luis Potos\u00ed ha organizado una \u201cCl\u00ednica en Derecho Familiar\u201d impartida por la Magistrada del Supremo Tribunal de Justicia del Estado, Rebeca A. Medina Garc\u00eda, en modalidad presencial en San Luis Potos\u00ed y en l\u00ednea para los estudiantes de Cerritos, Rioverde y Ciudad Valles.<\/p>\n<p class=\"western\" style=\"text-align: justify;\">Durante la cl\u00ednica se rindi\u00f3 un minuto de silencio en honor al Licenciado Luis Alberto Anaya Lizarraga, quien falleci\u00f3 a causa de complicaciones por coronavirus.<\/p>\n<p class=\"western\" style=\"text-align: justify;\">La Magistrada Presidenta Mar\u00eda Manuela Garc\u00eda C\u00e1zares, el Doctor Javier Reinoso Reyes, Director del Servicio M\u00e9dico Legal, la Doctora Mar\u00eda de los \u00c1ngeles Rojano Zavalza, Magistrada, y la Doctora Nadia Sierra Campos, de la Quinta Visitadur\u00eda de la Comisi\u00f3n Nacional de Derechos Humanos, participaron como docentes, entre otros especialistas.<\/p>\n<p class=\"western\" style=\"text-align: justify;\">La cl\u00ednica se enfoca en los temas m\u00e1s relevantes del derecho familiar, en los que los participantes podr\u00e1n actualizar sus conocimientos y mejorar su desempe\u00f1o en el campo laboral.<\/p>\n<p class=\"western\" style=\"text-align: justify;\">El Poder Judicial del Estado de San Luis Potos\u00ed sigue brindando la oportunidad de aprender y mejorar en diferentes ramas del derecho, con el objetivo de mejorar la calidad de vida de la sociedad potosina.<\/p>\n","protected":false},"excerpt":{"rendered":"<p>El Poder Judicial del Estado de San Luis Potos\u00ed ha organizado una \u201cCl\u00ednica en Derecho Familiar\u201d impartida por la Magistrada del Supremo Tribunal de Justicia del Estado, Rebeca A. Medina Garc\u00eda, en modalidad presencial en San Luis Potos\u00ed y en l\u00ednea para los estudiantes de Cerritos, Rioverde y Ciudad Valles.<\/p>\n","protected":false},"author":5,"featured_media":17483,"comment_status":"closed","ping_status":"open","sticky":false,"template":"","format":"standard","meta":{"footnotes":""},"categories":[3,486,485],"tags":[],"class_list":["post-17482","post","type-post","status-publish","format-standard","has-post-thumbnail","hentry","category-cerritos","category-educacion","category-sociales","entry","simple"],"_links":{"self":[{"href":"https:\/\/www.plurinominal.com.mx\/index.php?rest_route=\/wp\/v2\/posts\/17482","targetHints":{"allow":["GET"]}}],"collection":[{"href":"https:\/\/www.plurinominal.com.mx\/index.php?rest_route=\/wp\/v2\/posts"}],"about":[{"href":"https:\/\/www.plurinominal.com.mx\/index.php?rest_route=\/wp\/v2\/types\/post"}],"author":[{"embeddable":true,"href":"https:\/\/www.plurinominal.com.mx\/index.php?rest_route=\/wp\/v2\/users\/5"}],"replies":[{"embeddable":true,"href":"https:\/\/www.plurinominal.com.mx\/index.php?rest_route=%2Fwp%2Fv2%2Fcomments&post=17482"}],"version-history":[{"count":1,"href":"https:\/\/www.plurinominal.com.mx\/index.php?rest_route=\/wp\/v2\/posts\/17482\/revisions"}],"predecessor-version":[{"id":17484,"href":"https:\/\/www.plurinominal.com.mx\/index.php?rest_route=\/wp\/v2\/posts\/17482\/revisions\/17484"}],"wp:featuredmedia":[{"embeddable":true,"href":"https:\/\/www.plurinominal.com.mx\/index.php?rest_route=\/wp\/v2\/media\/17483"}],"wp:attachment":[{"href":"https:\/\/www.plurinominal.com.mx\/index.php?rest_route=%2Fwp%2Fv2%2Fmedia&parent=17482"}],"wp:term":[{"taxonomy":"category","embeddable":true,"href":"https:\/\/www.plurinominal.com.mx\/index.php?rest_route=%2Fwp%2Fv2%2Fcategories&post=17482"},{"taxonomy":"post_tag","embeddable":true,"href":"https:\/\/www.plurinominal.com.mx\/index.php?rest_route=%2Fwp%2Fv2%2Ftags&post=17482"}],"curies":[{"name":"wp","href":"https:\/\/api.w.org\/{rel}","templated":true}]}}