{"id":17493,"date":"2023-04-20T08:41:23","date_gmt":"2023-04-20T13:41:23","guid":{"rendered":"https:\/\/www.plurinominal.com.mx\/?p=17493"},"modified":"2023-05-20T08:43:32","modified_gmt":"2023-05-20T13:43:32","slug":"convocan-a-manifestacion-estudiantil-por-problemas-internos-en-cbta-123","status":"publish","type":"post","link":"https:\/\/www.plurinominal.com.mx\/?p=17493","title":{"rendered":"Convocan a manifestaci\u00f3n estudiantil por problemas internos en CBTA 123"},"content":{"rendered":"<ul>\n<li class=\"western\" style=\"text-align: justify;\">Estudiantes denuncian imposici\u00f3n de reglas arbitrarias<\/li>\n<\/ul>\n<p class=\"western\" style=\"text-align: justify;\"><span style=\"font-size: 10pt; font-family: 'trebuchet ms', geneva, sans-serif;\"><strong>MARCO SERNA.-<\/strong> <\/span>Los estudiantes del Centro de Bachillerato Tecnol\u00f3gico Agropecuario n\u00famero 123 (CBTA 123) han convocado a una manifestaci\u00f3n pac\u00edfica para el pr\u00f3ximo lunes 24 de abril con el fin de abordar temas importantes relacionados con la convivencia y la calidad de estudio en su plantel educativo.<\/p>\n<p class=\"western\" style=\"text-align: justify;\"><em>NOTA: SI USTED ES DE LOS QUE EXIGE INFORMACI\u00d3N ACTUALIZADA, CIERRE ESTA VENTANA Y CONSULTE LA EDICI\u00d3N IMPRESA M\u00c1S RECIENTE.<\/em><\/p>\n<p class=\"western\" style=\"text-align: justify;\">La convocatoria surge debido a la presencia de \u00abdinosaurios\u00bb \u2014tal y como los llama ante Plurinominal un estudiante del plantel\u2014, que supuestamente se han apoderado del lugar, manteniendo el control acad\u00e9mico y administrativo de la escuela. Adem\u00e1s, en redes sociales los mismos alumnos han expresado se\u00f1alamientos contra un profesor al que acusan de no controlar sus impulsos de neurosis.<\/p>\n<blockquote>\n<p class=\"western\"><em>El CBTA 123 es una escuela que se dedica a formar t\u00e9cnicos agropecuarios, por lo que la crianza de animales y el cuidado del medio ambiente son temas importantes en su plan de estudios. Sin embargo, los estudiantes sienten que estas actividades se han dejado de lado en favor de intereses particulares. ARRIBA: Los avestruces se malbarataron.<\/em><\/p>\n<\/blockquote>\n<p class=\"western\" style=\"text-align: justify;\">Otra de las inconformidades de la comunidad estudiantil es que se han impuesto nuevas reglas a conveniencia, como el uso de un tono espec\u00edfico de pantal\u00f3n en el uniforme, lo que causar\u00e1 un gasto econ\u00f3mico familiar en plena \u00e9poca de crisis.<\/p>\n<p class=\"western\" style=\"text-align: justify;\">Dentro del Centro de Bachillerato se habla de dos bandos, uno conformado por \u00abdinosaurios\u00bb que han hecho del CBTA 123 su forma de vida, imponiendo reglas a contentillo, incluso dejando de lado la crianza de algunos animales \u00abporque los docentes ya no quieren batallar\u00bb siendo que se trata de una escuela agropecuaria. Sobre este tema solo ejemplificaron el caso de unos avestruces.<\/p>\n<p class=\"western\" style=\"text-align: justify;\">Los estudiantes han decidido unirse por un cambio positivo y convocar a una manifestaci\u00f3n pac\u00edfica para expresarse de manera respetuosa y responsable. Ser\u00e1 una oportunidad para transmitir a las autoridades escolares sus inquietudes y propuestas para mejorar su convivencia y el entorno educativo y se espera que todo acabe en los mejores t\u00e9rminos. La cita es a las 10:00 de la ma\u00f1ana en la Plaza Principal de Cerritos.<\/p>\n","protected":false},"excerpt":{"rendered":"<p>Los estudiantes del Centro de Bachillerato Tecnol\u00f3gico Agropecuario n\u00famero 123 (CBTA 123) han convocado a una manifestaci\u00f3n pac\u00edfica para el pr\u00f3ximo lunes 24 de abril con el fin de abordar temas importantes relacionados con la convivencia y la calidad de estudio en su plantel educativo.<\/p>\n","protected":false},"author":5,"featured_media":17494,"comment_status":"closed","ping_status":"open","sticky":false,"template":"","format":"standard","meta":{"footnotes":""},"categories":[3,486,485],"tags":[],"class_list":["post-17493","post","type-post","status-publish","format-standard","has-post-thumbnail","hentry","category-cerritos","category-educacion","category-sociales","entry","simple"],"_links":{"self":[{"href":"https:\/\/www.plurinominal.com.mx\/index.php?rest_route=\/wp\/v2\/posts\/17493","targetHints":{"allow":["GET"]}}],"collection":[{"href":"https:\/\/www.plurinominal.com.mx\/index.php?rest_route=\/wp\/v2\/posts"}],"about":[{"href":"https:\/\/www.plurinominal.com.mx\/index.php?rest_route=\/wp\/v2\/types\/post"}],"author":[{"embeddable":true,"href":"https:\/\/www.plurinominal.com.mx\/index.php?rest_route=\/wp\/v2\/users\/5"}],"replies":[{"embeddable":true,"href":"https:\/\/www.plurinominal.com.mx\/index.php?rest_route=%2Fwp%2Fv2%2Fcomments&post=17493"}],"version-history":[{"count":1,"href":"https:\/\/www.plurinominal.com.mx\/index.php?rest_route=\/wp\/v2\/posts\/17493\/revisions"}],"predecessor-version":[{"id":17495,"href":"https:\/\/www.plurinominal.com.mx\/index.php?rest_route=\/wp\/v2\/posts\/17493\/revisions\/17495"}],"wp:featuredmedia":[{"embeddable":true,"href":"https:\/\/www.plurinominal.com.mx\/index.php?rest_route=\/wp\/v2\/media\/17494"}],"wp:attachment":[{"href":"https:\/\/www.plurinominal.com.mx\/index.php?rest_route=%2Fwp%2Fv2%2Fmedia&parent=17493"}],"wp:term":[{"taxonomy":"category","embeddable":true,"href":"https:\/\/www.plurinominal.com.mx\/index.php?rest_route=%2Fwp%2Fv2%2Fcategories&post=17493"},{"taxonomy":"post_tag","embeddable":true,"href":"https:\/\/www.plurinominal.com.mx\/index.php?rest_route=%2Fwp%2Fv2%2Ftags&post=17493"}],"curies":[{"name":"wp","href":"https:\/\/api.w.org\/{rel}","templated":true}]}}